{"id":61109,"date":"2020-09-07T10:48:45","date_gmt":"2020-09-07T13:48:45","guid":{"rendered":"https:\/\/blogdoedvaldomagalhaes.com.br\/?p=61109"},"modified":"2020-09-07T13:47:31","modified_gmt":"2020-09-07T16:47:31","slug":"morre-o-gerente-de-necropole-de-caruaru-geraldo-clemente","status":"publish","type":"post","link":"https:\/\/blogdoedvaldomagalhaes.com.br\/index.php\/2020\/09\/07\/morre-o-gerente-de-necropole-de-caruaru-geraldo-clemente\/","title":{"rendered":"Morre o gerente de necr\u00f3pole de Caruaru, Geraldo Clemente"},"content":{"rendered":"<p style=\"text-align: justify;\">Faleceu na manh\u00e3 desta segunda-feira (07), o gerente de necr\u00f3pole da prefeitura de Caruaru, Geraldo Clemente, aos 69 anos, v\u00edtima de c\u00e2ncer. O vel\u00f3rio ser\u00e1 a partir das 13h30 e o sepultamento \u00e0s 16h, no Cemit\u00e9rio Parque dos Arcos, em Caruaru.<\/p>\n<p><span style=\"font-size: inherit;\">NOTA DE PESAR<\/span><\/p>\n<p style=\"text-align: justify;\">\u00c9 com bastante trsiteza que a Secretaria de Servi\u00e7os P\u00fablicos de Caruaru recebe a not\u00edcia do falecimento de Geraldo Clemente. H\u00e1 mais de 30 anos atuando no servi\u00e7o p\u00fablico municipal, Geraldo atuava como gestor dos cemit\u00e9rios p\u00fablicos da cidade. \u00c0 fam\u00edlia e aos amigos, a Sesp registra os mais sinceros sentimentos e desejos de for\u00e7a nesse momento de dor.<\/p>\n","protected":false},"excerpt":{"rendered":"<p>Faleceu na manh\u00e3 desta segunda-feira (07), o gerente de necr\u00f3pole da prefeitura de Caruaru, Geraldo Clemente, aos 69 anos, v\u00edtima&hellip;<\/p>\n","protected":false},"author":1,"featured_media":61110,"comment_status":"open","ping_status":"open","sticky":false,"template":"","format":"standard","meta":{"footnotes":""},"categories":[14120],"tags":[2,19418,19469,19468],"class_list":["post-61109","post","type-post","status-publish","format-standard","has-post-thumbnail","hentry","category-noticias","tag-blog-do-edvaldo-magalhaes","tag-blog-mais-acessado-de-caruaru-e-regiao","tag-geraldo-clemente","tag-morre-o-gerente-de-necropole-de-caruaru"],"_links":{"self":[{"href":"https:\/\/blogdoedvaldomagalhaes.com.br\/index.php\/wp-json\/wp\/v2\/posts\/61109","targetHints":{"allow":["GET"]}}],"collection":[{"href":"https:\/\/blogdoedvaldomagalhaes.com.br\/index.php\/wp-json\/wp\/v2\/posts"}],"about":[{"href":"https:\/\/blogdoedvaldomagalhaes.com.br\/index.php\/wp-json\/wp\/v2\/types\/post"}],"author":[{"embeddable":true,"href":"https:\/\/blogdoedvaldomagalhaes.com.br\/index.php\/wp-json\/wp\/v2\/users\/1"}],"replies":[{"embeddable":true,"href":"https:\/\/blogdoedvaldomagalhaes.com.br\/index.php\/wp-json\/wp\/v2\/comments?post=61109"}],"version-history":[{"count":4,"href":"https:\/\/blogdoedvaldomagalhaes.com.br\/index.php\/wp-json\/wp\/v2\/posts\/61109\/revisions"}],"predecessor-version":[{"id":61114,"href":"https:\/\/blogdoedvaldomagalhaes.com.br\/index.php\/wp-json\/wp\/v2\/posts\/61109\/revisions\/61114"}],"wp:featuredmedia":[{"embeddable":true,"href":"https:\/\/blogdoedvaldomagalhaes.com.br\/index.php\/wp-json\/wp\/v2\/media\/61110"}],"wp:attachment":[{"href":"https:\/\/blogdoedvaldomagalhaes.com.br\/index.php\/wp-json\/wp\/v2\/media?parent=61109"}],"wp:term":[{"taxonomy":"category","embeddable":true,"href":"https:\/\/blogdoedvaldomagalhaes.com.br\/index.php\/wp-json\/wp\/v2\/categories?post=61109"},{"taxonomy":"post_tag","embeddable":true,"href":"https:\/\/blogdoedvaldomagalhaes.com.br\/index.php\/wp-json\/wp\/v2\/tags?post=61109"}],"curies":[{"name":"wp","href":"https:\/\/api.w.org\/{rel}","templated":true}]}}