{"id":61106,"date":"2020-09-07T10:08:39","date_gmt":"2020-09-07T13:08:39","guid":{"rendered":"https:\/\/blogdoedvaldomagalhaes.com.br\/?p=61106"},"modified":"2020-09-07T10:08:40","modified_gmt":"2020-09-07T13:08:40","slug":"fim-de-semana-com-36-homicidios-e-mais-de-10-mortos-em-acidentes-nas-rodovias-em-pernambuco","status":"publish","type":"post","link":"https:\/\/blogdoedvaldomagalhaes.com.br\/index.php\/2020\/09\/07\/fim-de-semana-com-36-homicidios-e-mais-de-10-mortos-em-acidentes-nas-rodovias-em-pernambuco\/","title":{"rendered":"Fim de semana com 36 homic\u00eddios e mais de 10 mortos em acidentes nas rodovias em Pernambuco"},"content":{"rendered":"<p style=\"text-align: justify;\">O fim de semana foi marcado pela viol\u00eancia em Pernambuco, com o registro de\u00a0<strong>36<\/strong>\u00a0homic\u00eddios. Neste m\u00eas de setembro j\u00e1 s\u00e3o\u00a0<strong>59<\/strong>\u00a0assassinatos no Estado e\u00a0<strong>2.641<\/strong>\u00a0crimes de janeiro at\u00e9 agora.<\/p>\n<p style=\"text-align: justify;\">Em\u00a0<a href=\"https:\/\/liberdade.com.br\/2020\/09\/07\/homem-e-assassinado-a-tiros-na-vila-do-aeroporto-em-caruaru\/\"><strong>Caruaru<\/strong><\/a>, um ex-presidi\u00e1rio foi assassinado no final da noite deste domingo (06), na Vila do Aeroporto. Magno Mickael da Silva, 26 anos, foi morto a tiros em via p\u00fablica. Caruaru soma agora\u00a0<strong>96<\/strong>\u00a0homic\u00eddios neste ano.<\/p>\n<p style=\"text-align: justify;\">Tamb\u00e9m aconteceu uma tentativa de latroc\u00ednio em Caruaru. Matheus Luiz dos Santos Silva, 25 anos, foi baleado no Alto do Moura durante uma tentativa de assalto. Mesmo ferido ele conseguiu guiar a moto at\u00e9 o Hospital Regional do Agreste (HRA).<\/p>\n<p style=\"text-align: justify;\">Em\u00a0<strong>Cupira<\/strong>, um ex-presidi\u00e1rio foi assassinado a tiros no bairro da Cohab. Jos\u00e9 Luiz Concei\u00e7\u00e3o da Silva tinha 25 anos. Ele conduzia uma motocicleta no momento em que foi executado.<\/p>\n<p style=\"text-align: justify;\">Em\u00a0<strong>Garanhuns<\/strong>, uma mulher foi morta a facadas dentro de um bar, no bairro Indiano. Karina Gomes da Silva tinha 25 anos. A pol\u00edcia procura um homem conhecido por \u201cSukita\u201d, suspeito de ter cometido o crime. Outras duas mulheres foram assassinadas no fim de semana, em Bonito e Ferreiros.<\/p>\n<p style=\"text-align: justify;\">Acidentes<\/p>\n<p style=\"text-align: justify;\">O fim de semana foi marcado pela viol\u00eancia no tr\u00e2nsito em Pernambuco. Pelo menos 12 pessoas morreram em acidentes ocorridos em rodovias federais e estaduais.<\/p>\n<p style=\"text-align: justify;\">Na BR-232, em S\u00e3o Caetano, no Agreste, um mototaxista morreu atropelado por uma carreta. Jo\u00e3o Carlos dos Santos, 61 anos, se assustou com a fuma\u00e7a de um caminh\u00e3o que trafegava no acostamento e caiu da moto. Ele estava com uma filha, que tentou puxar a v\u00edtima para o acostamento, mas n\u00e3o conseguiu e o pai foi atingido pela carreta.<\/p>\n<p style=\"text-align: justify;\">Nesta ter\u00e7a-feira (08), a Pol\u00edcia Rodovi\u00e1ria Federal divulgar\u00e1 o balan\u00e7o da Opera\u00e7\u00e3o Independ\u00eancia, realizada nas rodovias federais de Pernambuco. A a\u00e7\u00e3o teve in\u00edcio na sexta-feira (04) e segue at\u00e9 esta segunda (07) com refor\u00e7o e fiscaliza\u00e7\u00e3o. Por causa do feriad\u00e3o de 7 de Setembro, a circula\u00e7\u00e3o de carros aumentou nas estradas.<\/p>\n<p>Fonte: R\u00e1dio Liberdade.<\/p>\n","protected":false},"excerpt":{"rendered":"<p>O fim de semana foi marcado pela viol\u00eancia em Pernambuco, com o registro de\u00a036\u00a0homic\u00eddios. Neste m\u00eas de setembro j\u00e1 s\u00e3o\u00a059\u00a0assassinatos&hellip;<\/p>\n","protected":false},"author":1,"featured_media":61107,"comment_status":"open","ping_status":"open","sticky":false,"template":"","format":"standard","meta":{"footnotes":""},"categories":[14121],"tags":[2,19418,19467,19163],"class_list":["post-61106","post","type-post","status-publish","format-standard","has-post-thumbnail","hentry","category-policial","tag-blog-do-edvaldo-magalhaes","tag-blog-mais-acessado-de-caruaru-e-regiao","tag-fim-de-semana-com-36-homicidios-e-mais-de-10-mortos-em-acidentes-nas-rodovias-em-pernambuco","tag-homicidio-2"],"_links":{"self":[{"href":"https:\/\/blogdoedvaldomagalhaes.com.br\/index.php\/wp-json\/wp\/v2\/posts\/61106","targetHints":{"allow":["GET"]}}],"collection":[{"href":"https:\/\/blogdoedvaldomagalhaes.com.br\/index.php\/wp-json\/wp\/v2\/posts"}],"about":[{"href":"https:\/\/blogdoedvaldomagalhaes.com.br\/index.php\/wp-json\/wp\/v2\/types\/post"}],"author":[{"embeddable":true,"href":"https:\/\/blogdoedvaldomagalhaes.com.br\/index.php\/wp-json\/wp\/v2\/users\/1"}],"replies":[{"embeddable":true,"href":"https:\/\/blogdoedvaldomagalhaes.com.br\/index.php\/wp-json\/wp\/v2\/comments?post=61106"}],"version-history":[{"count":1,"href":"https:\/\/blogdoedvaldomagalhaes.com.br\/index.php\/wp-json\/wp\/v2\/posts\/61106\/revisions"}],"predecessor-version":[{"id":61108,"href":"https:\/\/blogdoedvaldomagalhaes.com.br\/index.php\/wp-json\/wp\/v2\/posts\/61106\/revisions\/61108"}],"wp:featuredmedia":[{"embeddable":true,"href":"https:\/\/blogdoedvaldomagalhaes.com.br\/index.php\/wp-json\/wp\/v2\/media\/61107"}],"wp:attachment":[{"href":"https:\/\/blogdoedvaldomagalhaes.com.br\/index.php\/wp-json\/wp\/v2\/media?parent=61106"}],"wp:term":[{"taxonomy":"category","embeddable":true,"href":"https:\/\/blogdoedvaldomagalhaes.com.br\/index.php\/wp-json\/wp\/v2\/categories?post=61106"},{"taxonomy":"post_tag","embeddable":true,"href":"https:\/\/blogdoedvaldomagalhaes.com.br\/index.php\/wp-json\/wp\/v2\/tags?post=61106"}],"curies":[{"name":"wp","href":"https:\/\/api.w.org\/{rel}","templated":true}]}}