{"id":61101,"date":"2020-09-07T00:18:52","date_gmt":"2020-09-07T03:18:52","guid":{"rendered":"https:\/\/blogdoedvaldomagalhaes.com.br\/?p=61101"},"modified":"2020-09-07T08:19:28","modified_gmt":"2020-09-07T11:19:28","slug":"homem-e-morto-a-tiros-em-caruaru-neste-domingo-6","status":"publish","type":"post","link":"https:\/\/blogdoedvaldomagalhaes.com.br\/index.php\/2020\/09\/07\/homem-e-morto-a-tiros-em-caruaru-neste-domingo-6\/","title":{"rendered":"Homem \u00e9 morto a tiros em Caruaru neste domingo (6)"},"content":{"rendered":"<p style=\"text-align: justify;\">O homicidio foi registrado na rua Rei Davi, na Vila do Aeroporto, em Caruaru, na noite deste domingo (06). O ex-presidi\u00e1rio Magno Mickael da\u00a0 Silva, de 26 anos, que residia na rua S\u00e3o Jos\u00e9, na Vila do Aeroporto, foi morto a tiros. O corpo ser\u00e1 encaminhado para o Instituto de Medicina Legal (IML), em Caruaru. A Pol\u00edcia Militar est\u00e1 no local, aguardando os peritos do Instituto de Criminal\u00edstica &#8211; IC.<\/p>\n<p style=\"text-align: justify;\">Este foi o primeiro homic\u00eddio do m\u00eas de setembro em Caruaru. De janeiro at\u00e9 agora s\u00e3o 96 assassinatos no munic\u00edpio.<\/p>\n","protected":false},"excerpt":{"rendered":"<p>O homicidio foi registrado na rua Rei Davi, na Vila do Aeroporto, em Caruaru, na noite deste domingo (06). O&hellip;<\/p>\n","protected":false},"author":1,"featured_media":61102,"comment_status":"open","ping_status":"open","sticky":false,"template":"","format":"standard","meta":{"footnotes":""},"categories":[14121],"tags":[2,19418,19466,2268],"class_list":["post-61101","post","type-post","status-publish","format-standard","has-post-thumbnail","hentry","category-policial","tag-blog-do-edvaldo-magalhaes","tag-blog-mais-acessado-de-caruaru-e-regiao","tag-homem-e-morto-a-tiros-em-caruaru-neste-domingo-6","tag-vila-do-aeroporto"],"_links":{"self":[{"href":"https:\/\/blogdoedvaldomagalhaes.com.br\/index.php\/wp-json\/wp\/v2\/posts\/61101","targetHints":{"allow":["GET"]}}],"collection":[{"href":"https:\/\/blogdoedvaldomagalhaes.com.br\/index.php\/wp-json\/wp\/v2\/posts"}],"about":[{"href":"https:\/\/blogdoedvaldomagalhaes.com.br\/index.php\/wp-json\/wp\/v2\/types\/post"}],"author":[{"embeddable":true,"href":"https:\/\/blogdoedvaldomagalhaes.com.br\/index.php\/wp-json\/wp\/v2\/users\/1"}],"replies":[{"embeddable":true,"href":"https:\/\/blogdoedvaldomagalhaes.com.br\/index.php\/wp-json\/wp\/v2\/comments?post=61101"}],"version-history":[{"count":2,"href":"https:\/\/blogdoedvaldomagalhaes.com.br\/index.php\/wp-json\/wp\/v2\/posts\/61101\/revisions"}],"predecessor-version":[{"id":61105,"href":"https:\/\/blogdoedvaldomagalhaes.com.br\/index.php\/wp-json\/wp\/v2\/posts\/61101\/revisions\/61105"}],"wp:featuredmedia":[{"embeddable":true,"href":"https:\/\/blogdoedvaldomagalhaes.com.br\/index.php\/wp-json\/wp\/v2\/media\/61102"}],"wp:attachment":[{"href":"https:\/\/blogdoedvaldomagalhaes.com.br\/index.php\/wp-json\/wp\/v2\/media?parent=61101"}],"wp:term":[{"taxonomy":"category","embeddable":true,"href":"https:\/\/blogdoedvaldomagalhaes.com.br\/index.php\/wp-json\/wp\/v2\/categories?post=61101"},{"taxonomy":"post_tag","embeddable":true,"href":"https:\/\/blogdoedvaldomagalhaes.com.br\/index.php\/wp-json\/wp\/v2\/tags?post=61101"}],"curies":[{"name":"wp","href":"https:\/\/api.w.org\/{rel}","templated":true}]}}