{"id":611,"date":"2018-11-26T15:42:00","date_gmt":"2018-11-26T17:42:00","guid":{"rendered":"http:\/\/blogdoedvaldomagalhaes.com.br\/index.php\/2018\/11\/26\/gerencia-executiva-do-inss-em-caruaru\/"},"modified":"2019-02-09T02:42:55","modified_gmt":"2019-02-09T04:42:55","slug":"gerencia-executiva-do-inss-em-caruaru","status":"publish","type":"post","link":"https:\/\/blogdoedvaldomagalhaes.com.br\/index.php\/2018\/11\/26\/gerencia-executiva-do-inss-em-caruaru\/","title":{"rendered":"Ger\u00eancia-Executiva do INSS em Caruaru realiza antecipa\u00e7\u00e3o de agendamentos"},"content":{"rendered":"<div class=\"separator\" style=\"clear: both; text-align: center;\">\n<a href=\"https:\/\/4.bp.blogspot.com\/-J_5FKnJ3xqs\/W_wUTBbyr8I\/AAAAAAAA-X8\/rO_bpT-_iu4e0CiaVUkpsd3Xghdm5WmIACLcBGAs\/s1600\/inss.jpeg\" imageanchor=\"1\" style=\"margin-left: 1em; margin-right: 1em;\"><img loading=\"lazy\" decoding=\"async\" border=\"0\" data-original-height=\"853\" data-original-width=\"1280\" height=\"426\" src=\"http:\/\/blogdoedvaldomagalhaes.com.br\/wp-content\/uploads\/2018\/11\/inss.jpeg\" width=\"640\" \/><\/a><\/div>\n<div class=\"MsoNormal\" style=\"background: white; line-height: normal; margin-bottom: .0001pt; margin-bottom: 0cm; text-align: justify;\">\n<\/div>\n<div class=\"MsoNormal\" style=\"background: white; line-height: normal; margin-bottom: .0001pt; margin-bottom: 0cm; text-align: justify;\">\nA Ger\u00eancia-Executiva do INSS em<br \/>\nCaruaru realizar\u00e1 um mutir\u00e3o de trabalhos de atendimento entre os dias 3 \u00e0 20<br \/>\nde Dezembro. A medida consiste em digitaliza\u00e7\u00e3o e recep\u00e7\u00e3o de processos para<br \/>\nantecipar agendamentos que estavam marcados para 2019. Com a a\u00e7\u00e3o, o INSS<br \/>\npretende diminuir o tempo de espera dos requerimentos na Ag\u00eancia da Previd\u00eancia<br \/>\nSocial (APS) Caruaru.&nbsp;<\/div>\n<div class=\"MsoNormal\" style=\"background: white; line-height: normal; margin-bottom: .0001pt; margin-bottom: 0cm; text-align: justify;\">\n<\/div>\n<div class=\"MsoNormal\" style=\"background: white; line-height: normal; margin-bottom: .0001pt; margin-bottom: 0cm; text-align: justify;\">\nO projeto \u00e9 realizado em parceria com<br \/>\na Superintend\u00eancia Regional do Nordeste, que disponibilizou servidores de<br \/>\noutras ag\u00eancias da regi\u00e3o para trabalhar nesta campanha em Caruaru. A parceria<br \/>\naumenta o efetivo da ag\u00eancia em 8 colaboradores, dobrando o n\u00famero de<br \/>\nservidores dispon\u00edveis no atendimento da ag\u00eancia.&nbsp;&nbsp;<\/div>\n<div class=\"MsoNormal\" style=\"background: white; line-height: normal; margin-bottom: .0001pt; margin-bottom: 0cm; text-align: justify;\">\n<\/div>\n<div class=\"MsoNormal\" style=\"background: white; line-height: normal; margin-bottom: .0001pt; margin-bottom: 0cm; text-align: justify;\">\nDe acordo com o Gerente da Ag\u00eancia da<br \/>\nPrevid\u00eancia Social Caruaru, Sidney Torres, os agendamentos tamb\u00e9m ser\u00e3o<br \/>\nrealizados durante os s\u00e1bados. \u201cTeremos dois s\u00e1bados, um no dia 8 e outro no<br \/>\ndia 15, no qual a ag\u00eancia ir\u00e1 funcionar normalmente. Ent\u00e3o as pessoas podem<br \/>\nficar tranquilas caso algum agendamento caia para o s\u00e1bado\u201d, comenta.&nbsp;<\/div>\n<div class=\"MsoNormal\" style=\"background: white; line-height: normal; margin-bottom: .0001pt; margin-bottom: 0cm; text-align: justify;\">\n<\/div>\n<div class=\"MsoNormal\" style=\"background: white; line-height: normal; margin-bottom: .0001pt; margin-bottom: 0cm; text-align: justify;\">\nEntre os requerimentos poss\u00edveis para<br \/>\nantecipa\u00e7\u00e3o est\u00e3o aposentadoria, pens\u00f5es, sal\u00e1rio maternidade, aux\u00edlio reclus\u00e3o<br \/>\ne benef\u00edcios assistenciais, como o BPC\/LOAS.<\/div>\n<div class=\"MsoNormal\" style=\"background: white; line-height: normal; margin-bottom: .0001pt; margin-bottom: 0cm; text-align: justify;\">\n<\/div>\n<div class=\"MsoNormal\" style=\"background: white; line-height: normal; margin-bottom: .0001pt; margin-bottom: 0cm; text-align: justify;\">\nOs interessados devem entrar em<br \/>\ncontato com o INSS atrav\u00e9s da central 135 e realizar o pedido de antecipa\u00e7\u00e3o do<br \/>\nagendamento. Ao todo, 1210 vagas a mais ser\u00e3o disponibilizadas atrav\u00e9s desta<br \/>\ncampanha.<\/div>\n<div class=\"MsoNormal\" style=\"background: white; line-height: normal; text-align: justify;\">\n\u00c1rea de anexos<\/div>\n","protected":false},"excerpt":{"rendered":"<p>A Ger\u00eancia-Executiva do INSS em Caruaru realizar\u00e1 um mutir\u00e3o de trabalhos de atendimento entre os dias 3 \u00e0 20 de&hellip;<\/p>\n","protected":false},"author":1,"featured_media":0,"comment_status":"open","ping_status":"open","sticky":false,"template":"","format":"standard","meta":{"footnotes":""},"categories":[1],"tags":[2,538,6],"class_list":["post-611","post","type-post","status-publish","format-standard","hentry","category-sem-categoria","tag-blog-do-edvaldo-magalhaes","tag-gerencia-executiva-do-inss-em-caruaru-realiza-antecipacao-de-agendamentos","tag-noticias"],"_links":{"self":[{"href":"https:\/\/blogdoedvaldomagalhaes.com.br\/index.php\/wp-json\/wp\/v2\/posts\/611","targetHints":{"allow":["GET"]}}],"collection":[{"href":"https:\/\/blogdoedvaldomagalhaes.com.br\/index.php\/wp-json\/wp\/v2\/posts"}],"about":[{"href":"https:\/\/blogdoedvaldomagalhaes.com.br\/index.php\/wp-json\/wp\/v2\/types\/post"}],"author":[{"embeddable":true,"href":"https:\/\/blogdoedvaldomagalhaes.com.br\/index.php\/wp-json\/wp\/v2\/users\/1"}],"replies":[{"embeddable":true,"href":"https:\/\/blogdoedvaldomagalhaes.com.br\/index.php\/wp-json\/wp\/v2\/comments?post=611"}],"version-history":[{"count":1,"href":"https:\/\/blogdoedvaldomagalhaes.com.br\/index.php\/wp-json\/wp\/v2\/posts\/611\/revisions"}],"predecessor-version":[{"id":36179,"href":"https:\/\/blogdoedvaldomagalhaes.com.br\/index.php\/wp-json\/wp\/v2\/posts\/611\/revisions\/36179"}],"wp:attachment":[{"href":"https:\/\/blogdoedvaldomagalhaes.com.br\/index.php\/wp-json\/wp\/v2\/media?parent=611"}],"wp:term":[{"taxonomy":"category","embeddable":true,"href":"https:\/\/blogdoedvaldomagalhaes.com.br\/index.php\/wp-json\/wp\/v2\/categories?post=611"},{"taxonomy":"post_tag","embeddable":true,"href":"https:\/\/blogdoedvaldomagalhaes.com.br\/index.php\/wp-json\/wp\/v2\/tags?post=611"}],"curies":[{"name":"wp","href":"https:\/\/api.w.org\/{rel}","templated":true}]}}