{"id":61064,"date":"2020-09-05T14:48:38","date_gmt":"2020-09-05T17:48:38","guid":{"rendered":"https:\/\/blogdoedvaldomagalhaes.com.br\/?p=61064"},"modified":"2020-09-05T14:48:39","modified_gmt":"2020-09-05T17:48:39","slug":"raquel-lyra-confirma-apoio-do-ptb","status":"publish","type":"post","link":"https:\/\/blogdoedvaldomagalhaes.com.br\/index.php\/2020\/09\/05\/raquel-lyra-confirma-apoio-do-ptb\/","title":{"rendered":"Raquel Lyra confirma apoio do PTB"},"content":{"rendered":"<p style=\"text-align: justify;\">Raquel Lyra (PSDB) confirmou o apoio do PTB. Ela esteve com os ex-senadores Armando Monteiro Neto e Douglas Cintra, confirmando mais esta legenda na ampla frente de partidos da sua pr\u00e9-candidatura \u00e0 reelei\u00e7\u00e3o em Caruaru.<\/p>\n","protected":false},"excerpt":{"rendered":"<p>Raquel Lyra (PSDB) confirmou o apoio do PTB. Ela esteve com os ex-senadores Armando Monteiro Neto e Douglas Cintra, confirmando&hellip;<\/p>\n","protected":false},"author":1,"featured_media":61065,"comment_status":"open","ping_status":"open","sticky":false,"template":"","format":"standard","meta":{"footnotes":""},"categories":[14122],"tags":[3464,2,19418,8543,19454],"class_list":["post-61064","post","type-post","status-publish","format-standard","has-post-thumbnail","hentry","category-politica","tag-armando-monteiro-neto","tag-blog-do-edvaldo-magalhaes","tag-blog-mais-acessado-de-caruaru-e-regiao","tag-douglas-cintra","tag-raquel-lyra-confirma-apoio-do-ptb"],"_links":{"self":[{"href":"https:\/\/blogdoedvaldomagalhaes.com.br\/index.php\/wp-json\/wp\/v2\/posts\/61064","targetHints":{"allow":["GET"]}}],"collection":[{"href":"https:\/\/blogdoedvaldomagalhaes.com.br\/index.php\/wp-json\/wp\/v2\/posts"}],"about":[{"href":"https:\/\/blogdoedvaldomagalhaes.com.br\/index.php\/wp-json\/wp\/v2\/types\/post"}],"author":[{"embeddable":true,"href":"https:\/\/blogdoedvaldomagalhaes.com.br\/index.php\/wp-json\/wp\/v2\/users\/1"}],"replies":[{"embeddable":true,"href":"https:\/\/blogdoedvaldomagalhaes.com.br\/index.php\/wp-json\/wp\/v2\/comments?post=61064"}],"version-history":[{"count":1,"href":"https:\/\/blogdoedvaldomagalhaes.com.br\/index.php\/wp-json\/wp\/v2\/posts\/61064\/revisions"}],"predecessor-version":[{"id":61066,"href":"https:\/\/blogdoedvaldomagalhaes.com.br\/index.php\/wp-json\/wp\/v2\/posts\/61064\/revisions\/61066"}],"wp:featuredmedia":[{"embeddable":true,"href":"https:\/\/blogdoedvaldomagalhaes.com.br\/index.php\/wp-json\/wp\/v2\/media\/61065"}],"wp:attachment":[{"href":"https:\/\/blogdoedvaldomagalhaes.com.br\/index.php\/wp-json\/wp\/v2\/media?parent=61064"}],"wp:term":[{"taxonomy":"category","embeddable":true,"href":"https:\/\/blogdoedvaldomagalhaes.com.br\/index.php\/wp-json\/wp\/v2\/categories?post=61064"},{"taxonomy":"post_tag","embeddable":true,"href":"https:\/\/blogdoedvaldomagalhaes.com.br\/index.php\/wp-json\/wp\/v2\/tags?post=61064"}],"curies":[{"name":"wp","href":"https:\/\/api.w.org\/{rel}","templated":true}]}}