{"id":610,"date":"2018-11-26T15:49:00","date_gmt":"2018-11-26T17:49:00","guid":{"rendered":"http:\/\/blogdoedvaldomagalhaes.com.br\/index.php\/2018\/11\/26\/caruaru-sedia-encontro-de-implantacao\/"},"modified":"2019-02-09T02:42:55","modified_gmt":"2019-02-09T04:42:55","slug":"caruaru-sedia-encontro-de-implantacao","status":"publish","type":"post","link":"https:\/\/blogdoedvaldomagalhaes.com.br\/index.php\/2018\/11\/26\/caruaru-sedia-encontro-de-implantacao\/","title":{"rendered":"Caruaru sedia encontro de implanta\u00e7\u00e3o do sistema de informa\u00e7\u00e3o para agentes de endemias"},"content":{"rendered":"<div class=\"separator\" style=\"clear: both; text-align: center;\">\n<a href=\"https:\/\/1.bp.blogspot.com\/-LINOCQLbxf4\/W_wVRTDUw3I\/AAAAAAAA-YE\/6Q-SFc2gjdsyIT7-2UIoP2ndx2KG-YKAwCLcBGAs\/s1600\/agentes.jpg\" imageanchor=\"1\" style=\"margin-left: 1em; margin-right: 1em;\"><img loading=\"lazy\" decoding=\"async\" border=\"0\" data-original-height=\"375\" data-original-width=\"500\" height=\"480\" src=\"http:\/\/blogdoedvaldomagalhaes.com.br\/wp-content\/uploads\/2018\/11\/agentes.jpg\" width=\"640\" \/><\/a><\/div>\n<div class=\"MsoNormal\" style=\"text-align: justify;\">\nAcontece<br \/>\nnesta segunda-feira (26) e ter\u00e7a (27), em Caruaru, encontro para implanta\u00e7\u00e3o do<br \/>\nsistema de informa\u00e7\u00e3o para os Agentes de Comunit\u00e1rios de Endemias. \u00c9 uma capacita\u00e7\u00e3o com<br \/>\ncoordenadores e digitadores dos 32 munic\u00edpio que comp\u00f5em a 4\u00aa Geres.<\/div>\n<div class=\"MsoNormal\" style=\"text-align: justify;\">\n<\/div>\n<div class=\"MsoNormal\" style=\"text-align: justify;\">\nNa pr\u00f3xima semana a capacita\u00e7\u00e3o ser\u00e1 para os pr\u00f3prios Agentes Comunit\u00e1rios de Endemias, em Caruaru.<\/div>\n<div class=\"MsoNormal\" style=\"text-align: justify;\">\n<\/div>\n<p><\/p>\n","protected":false},"excerpt":{"rendered":"<p>Acontece nesta segunda-feira (26) e ter\u00e7a (27), em Caruaru, encontro para implanta\u00e7\u00e3o do sistema de informa\u00e7\u00e3o para os Agentes de&hellip;<\/p>\n","protected":false},"author":1,"featured_media":0,"comment_status":"open","ping_status":"open","sticky":false,"template":"","format":"standard","meta":{"footnotes":""},"categories":[1],"tags":[2,537,6],"class_list":["post-610","post","type-post","status-publish","format-standard","hentry","category-sem-categoria","tag-blog-do-edvaldo-magalhaes","tag-caruaru-sedia-encontro-de-implantacao-do-sistema-de-informacao-para-agentes-de-endemias","tag-noticias"],"_links":{"self":[{"href":"https:\/\/blogdoedvaldomagalhaes.com.br\/index.php\/wp-json\/wp\/v2\/posts\/610","targetHints":{"allow":["GET"]}}],"collection":[{"href":"https:\/\/blogdoedvaldomagalhaes.com.br\/index.php\/wp-json\/wp\/v2\/posts"}],"about":[{"href":"https:\/\/blogdoedvaldomagalhaes.com.br\/index.php\/wp-json\/wp\/v2\/types\/post"}],"author":[{"embeddable":true,"href":"https:\/\/blogdoedvaldomagalhaes.com.br\/index.php\/wp-json\/wp\/v2\/users\/1"}],"replies":[{"embeddable":true,"href":"https:\/\/blogdoedvaldomagalhaes.com.br\/index.php\/wp-json\/wp\/v2\/comments?post=610"}],"version-history":[{"count":1,"href":"https:\/\/blogdoedvaldomagalhaes.com.br\/index.php\/wp-json\/wp\/v2\/posts\/610\/revisions"}],"predecessor-version":[{"id":36181,"href":"https:\/\/blogdoedvaldomagalhaes.com.br\/index.php\/wp-json\/wp\/v2\/posts\/610\/revisions\/36181"}],"wp:attachment":[{"href":"https:\/\/blogdoedvaldomagalhaes.com.br\/index.php\/wp-json\/wp\/v2\/media?parent=610"}],"wp:term":[{"taxonomy":"category","embeddable":true,"href":"https:\/\/blogdoedvaldomagalhaes.com.br\/index.php\/wp-json\/wp\/v2\/categories?post=610"},{"taxonomy":"post_tag","embeddable":true,"href":"https:\/\/blogdoedvaldomagalhaes.com.br\/index.php\/wp-json\/wp\/v2\/tags?post=610"}],"curies":[{"name":"wp","href":"https:\/\/api.w.org\/{rel}","templated":true}]}}