{"id":60967,"date":"2020-09-03T16:56:31","date_gmt":"2020-09-03T19:56:31","guid":{"rendered":"https:\/\/blogdoedvaldomagalhaes.com.br\/?p=60967"},"modified":"2020-09-03T16:59:00","modified_gmt":"2020-09-03T19:59:00","slug":"fiscalizacao-recolhe-19-veiculos-irregulares-na-br-104-em-caruaru","status":"publish","type":"post","link":"https:\/\/blogdoedvaldomagalhaes.com.br\/index.php\/2020\/09\/03\/fiscalizacao-recolhe-19-veiculos-irregulares-na-br-104-em-caruaru\/","title":{"rendered":"Fiscaliza\u00e7\u00e3o recolhe 19 ve\u00edculos irregulares na BR 104 em Caruaru"},"content":{"rendered":"<p style=\"text-align: justify;\"><span style=\"font-size: inherit;\">Uma fiscaliza\u00e7\u00e3o realizada entre a tarde de quarta-feira(02) e madrugada de hoje(03) recolheu 19 ve\u00edculos irregulares, na BR 104, em Caruaru, no Agreste de Pernambuco. A iniciativa da Pol\u00edcia Rodovi\u00e1ria Federal (PRF) teve como principal objetivo promover a seguran\u00e7a vi\u00e1ria e evitar acidentes ocasionados principalmente pela falta de conserva\u00e7\u00e3o dos autom\u00f3veis.<\/span><\/p>\n<p style=\"text-align: justify;\">Durante a a\u00e7\u00e3o do Grupo de Fiscaliza\u00e7\u00e3o de Transporte foram fiscalizados 74 ve\u00edculos e 78 pessoas, sendo emitidas 188 autua\u00e7\u00f5es por diversas irregularidades, como mau estado de conserva\u00e7\u00e3o dos ve\u00edculos, falta de equipamentos obrigat\u00f3rios, documenta\u00e7\u00e3o em atraso, falta do cinto de seguran\u00e7a, dentre outras. O foco tamb\u00e9m esteve voltado para os jipes utilizados no transporte remunerado de passageiros, que precisam obedecer a uma s\u00e9rie de exig\u00eancias para efetuarem esse tipo de servi\u00e7o.<\/p>\n<p style=\"text-align: justify;\">Entre os ve\u00edculos fiscalizados, destaca-se um caminh\u00e3o que estava com os pneus em mau estado de conserva\u00e7\u00e3o, inclusive o estepe, e o motorista n\u00e3o possu\u00eda a Carteira Nacional de Habilita\u00e7\u00e3o (CNH), al\u00e9m de diversos jipes que transportavam mercadorias nos locais destinados aos passageiros. Os motoristas foram autuados pelas infra\u00e7\u00f5es.<\/p>\n\n\n<figure class=\"wp-block-image size-large\"><img loading=\"lazy\" decoding=\"async\" width=\"1024\" height=\"576\" src=\"https:\/\/blogdoedvaldomagalhaes.com.br\/wp-content\/uploads\/2020\/09\/IMG-20200903-WA0199-1024x576.jpg\" alt=\"\" class=\"wp-image-60969\" srcset=\"https:\/\/blogdoedvaldomagalhaes.com.br\/wp-content\/uploads\/2020\/09\/IMG-20200903-WA0199-1024x576.jpg 1024w, https:\/\/blogdoedvaldomagalhaes.com.br\/wp-content\/uploads\/2020\/09\/IMG-20200903-WA0199-300x169.jpg 300w, https:\/\/blogdoedvaldomagalhaes.com.br\/wp-content\/uploads\/2020\/09\/IMG-20200903-WA0199-768x432.jpg 768w, https:\/\/blogdoedvaldomagalhaes.com.br\/wp-content\/uploads\/2020\/09\/IMG-20200903-WA0199-1140x641.jpg 1140w, https:\/\/blogdoedvaldomagalhaes.com.br\/wp-content\/uploads\/2020\/09\/IMG-20200903-WA0199-720x405.jpg 720w, https:\/\/blogdoedvaldomagalhaes.com.br\/wp-content\/uploads\/2020\/09\/IMG-20200903-WA0199.jpg 1280w\" sizes=\"auto, (max-width: 1024px) 100vw, 1024px\" \/><\/figure>\n\n\n\n<figure class=\"wp-block-image size-large\"><img loading=\"lazy\" decoding=\"async\" width=\"1024\" height=\"576\" src=\"https:\/\/blogdoedvaldomagalhaes.com.br\/wp-content\/uploads\/2020\/09\/IMG-20200903-WA0197-1024x576.jpg\" alt=\"\" class=\"wp-image-60970\" srcset=\"https:\/\/blogdoedvaldomagalhaes.com.br\/wp-content\/uploads\/2020\/09\/IMG-20200903-WA0197-1024x576.jpg 1024w, https:\/\/blogdoedvaldomagalhaes.com.br\/wp-content\/uploads\/2020\/09\/IMG-20200903-WA0197-300x169.jpg 300w, https:\/\/blogdoedvaldomagalhaes.com.br\/wp-content\/uploads\/2020\/09\/IMG-20200903-WA0197-768x432.jpg 768w, https:\/\/blogdoedvaldomagalhaes.com.br\/wp-content\/uploads\/2020\/09\/IMG-20200903-WA0197-1140x641.jpg 1140w, https:\/\/blogdoedvaldomagalhaes.com.br\/wp-content\/uploads\/2020\/09\/IMG-20200903-WA0197-720x405.jpg 720w, https:\/\/blogdoedvaldomagalhaes.com.br\/wp-content\/uploads\/2020\/09\/IMG-20200903-WA0197.jpg 1280w\" sizes=\"auto, (max-width: 1024px) 100vw, 1024px\" \/><\/figure>\n\n\n\n<figure class=\"wp-block-image size-large\"><img loading=\"lazy\" decoding=\"async\" width=\"1024\" height=\"576\" src=\"https:\/\/blogdoedvaldomagalhaes.com.br\/wp-content\/uploads\/2020\/09\/IMG-20200903-WA0198-1024x576.jpg\" alt=\"\" class=\"wp-image-60971\" srcset=\"https:\/\/blogdoedvaldomagalhaes.com.br\/wp-content\/uploads\/2020\/09\/IMG-20200903-WA0198-1024x576.jpg 1024w, https:\/\/blogdoedvaldomagalhaes.com.br\/wp-content\/uploads\/2020\/09\/IMG-20200903-WA0198-300x169.jpg 300w, https:\/\/blogdoedvaldomagalhaes.com.br\/wp-content\/uploads\/2020\/09\/IMG-20200903-WA0198-768x432.jpg 768w, https:\/\/blogdoedvaldomagalhaes.com.br\/wp-content\/uploads\/2020\/09\/IMG-20200903-WA0198-1140x641.jpg 1140w, https:\/\/blogdoedvaldomagalhaes.com.br\/wp-content\/uploads\/2020\/09\/IMG-20200903-WA0198-720x405.jpg 720w, https:\/\/blogdoedvaldomagalhaes.com.br\/wp-content\/uploads\/2020\/09\/IMG-20200903-WA0198.jpg 1280w\" sizes=\"auto, (max-width: 1024px) 100vw, 1024px\" \/><figcaption>Fotos: PRF\/Divulga\u00e7\u00e3o<\/figcaption><\/figure>\n","protected":false},"excerpt":{"rendered":"<p>Uma fiscaliza\u00e7\u00e3o realizada entre a tarde de quarta-feira(02) e madrugada de hoje(03) recolheu 19 ve\u00edculos irregulares, na BR 104, em&hellip;<\/p>\n","protected":false},"author":1,"featured_media":60968,"comment_status":"open","ping_status":"open","sticky":false,"template":"","format":"standard","meta":{"footnotes":""},"categories":[14121],"tags":[2,19418,19433,2278,287],"class_list":["post-60967","post","type-post","status-publish","format-standard","has-post-thumbnail","hentry","category-policial","tag-blog-do-edvaldo-magalhaes","tag-blog-mais-acessado-de-caruaru-e-regiao","tag-fiscalizacao-recolhe-19-veiculos-irregulares-na-br-104-em-caruaru","tag-policia-rodoviaria-federal","tag-prf"],"_links":{"self":[{"href":"https:\/\/blogdoedvaldomagalhaes.com.br\/index.php\/wp-json\/wp\/v2\/posts\/60967","targetHints":{"allow":["GET"]}}],"collection":[{"href":"https:\/\/blogdoedvaldomagalhaes.com.br\/index.php\/wp-json\/wp\/v2\/posts"}],"about":[{"href":"https:\/\/blogdoedvaldomagalhaes.com.br\/index.php\/wp-json\/wp\/v2\/types\/post"}],"author":[{"embeddable":true,"href":"https:\/\/blogdoedvaldomagalhaes.com.br\/index.php\/wp-json\/wp\/v2\/users\/1"}],"replies":[{"embeddable":true,"href":"https:\/\/blogdoedvaldomagalhaes.com.br\/index.php\/wp-json\/wp\/v2\/comments?post=60967"}],"version-history":[{"count":2,"href":"https:\/\/blogdoedvaldomagalhaes.com.br\/index.php\/wp-json\/wp\/v2\/posts\/60967\/revisions"}],"predecessor-version":[{"id":60973,"href":"https:\/\/blogdoedvaldomagalhaes.com.br\/index.php\/wp-json\/wp\/v2\/posts\/60967\/revisions\/60973"}],"wp:featuredmedia":[{"embeddable":true,"href":"https:\/\/blogdoedvaldomagalhaes.com.br\/index.php\/wp-json\/wp\/v2\/media\/60968"}],"wp:attachment":[{"href":"https:\/\/blogdoedvaldomagalhaes.com.br\/index.php\/wp-json\/wp\/v2\/media?parent=60967"}],"wp:term":[{"taxonomy":"category","embeddable":true,"href":"https:\/\/blogdoedvaldomagalhaes.com.br\/index.php\/wp-json\/wp\/v2\/categories?post=60967"},{"taxonomy":"post_tag","embeddable":true,"href":"https:\/\/blogdoedvaldomagalhaes.com.br\/index.php\/wp-json\/wp\/v2\/tags?post=60967"}],"curies":[{"name":"wp","href":"https:\/\/api.w.org\/{rel}","templated":true}]}}