{"id":60953,"date":"2020-09-03T15:07:46","date_gmt":"2020-09-03T18:07:46","guid":{"rendered":"https:\/\/blogdoedvaldomagalhaes.com.br\/?p=60953"},"modified":"2020-09-03T18:00:14","modified_gmt":"2020-09-03T21:00:14","slug":"capotamento-de-viatura-do-sistema-penitenciario-deixa-detentos-feridos-na-pe-95-em-caruaru","status":"publish","type":"post","link":"https:\/\/blogdoedvaldomagalhaes.com.br\/index.php\/2020\/09\/03\/capotamento-de-viatura-do-sistema-penitenciario-deixa-detentos-feridos-na-pe-95-em-caruaru\/","title":{"rendered":"Capotamento de viatura do Sistema Penitenci\u00e1rio deixa detentos feridos na PE-95 em Caruaru"},"content":{"rendered":"<p style=\"text-align: justify;\">O acidente ocorreu na tarde desta quinta-feira (03), na PE-95, em Caruaru. Segundo informa\u00e7\u00f5es, quinze detentos estavam sendo transferidos da Penitenci\u00e1ria de Limoeiro para a Penitenci\u00e1ria de Cachoeirinha, quando a viatura do Sistema Penitenci\u00e1rio sobrou em uma curva, capotou, deixando dois agentes penitenci\u00e1rios e cinco detentos\u00a0 feridos.\u00a0 Equipes do Samu prestaram os primeiros socorros e depois levaram os feridos para o Hospital Regional do Agreste (HRA). Dez detentos foram levados para a Penitenci\u00e1ria Juiz Pl\u00e1cido de Souza, em Caruaru.<\/p>\n<p>Nota \u00e0 imprensa<\/p>\n<p style=\"text-align: justify;\">A Secretaria Executiva de Ressocializa\u00e7\u00e3o (Seres) informa que registrou, na tarde desta quinta (03.09), um acidente na PE 95, pr\u00f3ximo a Caruaru, envolvendo um ve\u00edculo do sistema penitenci\u00e1rio onde eram conduzidos detentos da Penitenci\u00e1ria de Limoeiro para o Centro de Ressocializa\u00e7\u00e3o do Agreste, em Canhotinho. Cinco deles foram encaminhados para atendimento no Hospital Regional do Agreste e os demais levados \u00e0 Penitenci\u00e1ria Juiz Pl\u00e1cido de Souza, em Caruaru. Dois policiais penais ficaram feridos, mas passam bem. A Seres enviou um representante ao local do acidente para tomar as provid\u00eancias cab\u00edveis.<\/p>\n\n\n<figure class=\"wp-block-image size-large\"><img loading=\"lazy\" decoding=\"async\" width=\"768\" height=\"1024\" src=\"https:\/\/blogdoedvaldomagalhaes.com.br\/wp-content\/uploads\/2020\/09\/IMG-20200903-WA0185-768x1024.jpg\" alt=\"\" class=\"wp-image-60959\" srcset=\"https:\/\/blogdoedvaldomagalhaes.com.br\/wp-content\/uploads\/2020\/09\/IMG-20200903-WA0185-768x1024.jpg 768w, https:\/\/blogdoedvaldomagalhaes.com.br\/wp-content\/uploads\/2020\/09\/IMG-20200903-WA0185-225x300.jpg 225w, https:\/\/blogdoedvaldomagalhaes.com.br\/wp-content\/uploads\/2020\/09\/IMG-20200903-WA0185.jpg 960w\" sizes=\"auto, (max-width: 768px) 100vw, 768px\" \/><\/figure>\n\n\n\n<figure class=\"wp-block-image size-large\"><img loading=\"lazy\" decoding=\"async\" width=\"768\" height=\"1024\" src=\"https:\/\/blogdoedvaldomagalhaes.com.br\/wp-content\/uploads\/2020\/09\/IMG-20200903-WA0186-768x1024.jpg\" alt=\"\" class=\"wp-image-60963\" srcset=\"https:\/\/blogdoedvaldomagalhaes.com.br\/wp-content\/uploads\/2020\/09\/IMG-20200903-WA0186-768x1024.jpg 768w, https:\/\/blogdoedvaldomagalhaes.com.br\/wp-content\/uploads\/2020\/09\/IMG-20200903-WA0186-225x300.jpg 225w, https:\/\/blogdoedvaldomagalhaes.com.br\/wp-content\/uploads\/2020\/09\/IMG-20200903-WA0186.jpg 960w\" sizes=\"auto, (max-width: 768px) 100vw, 768px\" \/><\/figure>\n","protected":false},"excerpt":{"rendered":"<p>O acidente ocorreu na tarde desta quinta-feira (03), na PE-95, em Caruaru. Segundo informa\u00e7\u00f5es, quinze detentos estavam sendo transferidos da&hellip;<\/p>\n","protected":false},"author":1,"featured_media":60958,"comment_status":"open","ping_status":"open","sticky":false,"template":"","format":"standard","meta":{"footnotes":""},"categories":[14120],"tags":[2,19418,19432,334],"class_list":["post-60953","post","type-post","status-publish","format-standard","has-post-thumbnail","hentry","category-noticias","tag-blog-do-edvaldo-magalhaes","tag-blog-mais-acessado-de-caruaru-e-regiao","tag-capotamento-de-viatura-do-sistema-penitenciario-deixa-detentos-feridos-na-pe-95-em-caruaru","tag-samu"],"_links":{"self":[{"href":"https:\/\/blogdoedvaldomagalhaes.com.br\/index.php\/wp-json\/wp\/v2\/posts\/60953","targetHints":{"allow":["GET"]}}],"collection":[{"href":"https:\/\/blogdoedvaldomagalhaes.com.br\/index.php\/wp-json\/wp\/v2\/posts"}],"about":[{"href":"https:\/\/blogdoedvaldomagalhaes.com.br\/index.php\/wp-json\/wp\/v2\/types\/post"}],"author":[{"embeddable":true,"href":"https:\/\/blogdoedvaldomagalhaes.com.br\/index.php\/wp-json\/wp\/v2\/users\/1"}],"replies":[{"embeddable":true,"href":"https:\/\/blogdoedvaldomagalhaes.com.br\/index.php\/wp-json\/wp\/v2\/comments?post=60953"}],"version-history":[{"count":6,"href":"https:\/\/blogdoedvaldomagalhaes.com.br\/index.php\/wp-json\/wp\/v2\/posts\/60953\/revisions"}],"predecessor-version":[{"id":60979,"href":"https:\/\/blogdoedvaldomagalhaes.com.br\/index.php\/wp-json\/wp\/v2\/posts\/60953\/revisions\/60979"}],"wp:featuredmedia":[{"embeddable":true,"href":"https:\/\/blogdoedvaldomagalhaes.com.br\/index.php\/wp-json\/wp\/v2\/media\/60958"}],"wp:attachment":[{"href":"https:\/\/blogdoedvaldomagalhaes.com.br\/index.php\/wp-json\/wp\/v2\/media?parent=60953"}],"wp:term":[{"taxonomy":"category","embeddable":true,"href":"https:\/\/blogdoedvaldomagalhaes.com.br\/index.php\/wp-json\/wp\/v2\/categories?post=60953"},{"taxonomy":"post_tag","embeddable":true,"href":"https:\/\/blogdoedvaldomagalhaes.com.br\/index.php\/wp-json\/wp\/v2\/tags?post=60953"}],"curies":[{"name":"wp","href":"https:\/\/api.w.org\/{rel}","templated":true}]}}