{"id":60949,"date":"2020-09-03T14:26:31","date_gmt":"2020-09-03T17:26:31","guid":{"rendered":"https:\/\/blogdoedvaldomagalhaes.com.br\/?p=60949"},"modified":"2020-09-03T14:26:37","modified_gmt":"2020-09-03T17:26:37","slug":"prf-intensifica-fiscalizacao-nas-rodovias-federais-a-partir-desta-sexta-feira-4-saiba-detalhes","status":"publish","type":"post","link":"https:\/\/blogdoedvaldomagalhaes.com.br\/index.php\/2020\/09\/03\/prf-intensifica-fiscalizacao-nas-rodovias-federais-a-partir-desta-sexta-feira-4-saiba-detalhes\/","title":{"rendered":"PRF intensifica fiscaliza\u00e7\u00e3o nas rodovias federais a partir desta sexta-feira (4); Saiba detalhes"},"content":{"rendered":"<p style=\"text-align: justify;\"><span style=\"font-size: inherit;\">Come\u00e7a na sexta-feira (04) e segue at\u00e9 a segunda-feira (07) a Opera\u00e7\u00e3o Independ\u00eancia da Pol\u00edcia Rodovi\u00e1ria Federal (PRF) nas rodovias federais de Pernambuco. A iniciativa busca refor\u00e7ar a seguran\u00e7a vi\u00e1ria, a partir de a\u00e7\u00f5es de fiscaliza\u00e7\u00e3o em pontos cr\u00edticos e da presen\u00e7a ostensiva no tr\u00e2nsito.<\/span><\/p>\n<p style=\"text-align: justify;\">Com a libera\u00e7\u00e3o das praias e o in\u00edcio da temporada de ver\u00e3o, a tend\u00eancia \u00e9 de aumento na circula\u00e7\u00e3o de ve\u00edculos, principalmente na BR 101, em dire\u00e7\u00e3o ao litoral do estado. No ano passado o feriado foi no s\u00e1bado, mas este ano a estimativa da concession\u00e1ria Rota do Atl\u00e2ntico \u00e9 de que cerca de 75 mil ve\u00edculos trafeguem entre os dias 4 a 7 de setembro em dire\u00e7\u00e3o ao Litoral Sul.<\/p>\n<p style=\"text-align: justify;\">A presen\u00e7a do policiamento nas rodovias contribui para que o motorista dirija com mais aten\u00e7\u00e3o e prud\u00eancia. A partir dessa constata\u00e7\u00e3o, a PRF ir\u00e1 atuar em pontos cr\u00edticos das rodovias, onde mais acontecem acidentes graves, para proporcionar mais seguran\u00e7a a quem vai viajar durante o feriado.<\/p>\n<p style=\"text-align: justify;\">\u00c0s a\u00e7\u00f5es de fiscaliza\u00e7\u00e3o, soma-se o trabalho de combate ao crime, que busca evitar principalmente assaltos, recepta\u00e7\u00e3o de ve\u00edculos roubados, porte de drogas e armas. Grupos especializados ir\u00e3o atuar nesse per\u00edodo, com o apoio do helic\u00f3ptero da Base de Opera\u00e7\u00f5es A\u00e9reas da PRF.<\/p>\n<p style=\"text-align: justify;\">Dicas de Seguran\u00e7a<\/p>\n<p style=\"text-align: justify;\">Antes de viajar, verifique a bateria do carro, pneus, far\u00f3is e combust\u00edvel;<\/p>\n<p style=\"text-align: justify;\">Acomode as bagagens de maneira segura e sem prejudicar a vis\u00e3o do motorista;<\/p>\n<p style=\"text-align: justify;\">Dirija com aten\u00e7\u00e3o, respeite as normas de tr\u00e2nsito e mantenha uma dist\u00e2ncia segura dos outros ve\u00edculos;<\/p>\n<p style=\"text-align: justify;\">Em caso de emerg\u00eancia, entre em contato com a PRF pelo n\u00famero 191.<\/p>\n\n\n<figure class=\"wp-block-image size-large\"><img loading=\"lazy\" decoding=\"async\" width=\"1024\" height=\"678\" src=\"https:\/\/blogdoedvaldomagalhaes.com.br\/wp-content\/uploads\/2020\/09\/IMG-20200903-WA0173-1024x678.jpg\" alt=\"\" class=\"wp-image-60951\" srcset=\"https:\/\/blogdoedvaldomagalhaes.com.br\/wp-content\/uploads\/2020\/09\/IMG-20200903-WA0173-1024x678.jpg 1024w, https:\/\/blogdoedvaldomagalhaes.com.br\/wp-content\/uploads\/2020\/09\/IMG-20200903-WA0173-300x199.jpg 300w, https:\/\/blogdoedvaldomagalhaes.com.br\/wp-content\/uploads\/2020\/09\/IMG-20200903-WA0173-768x509.jpg 768w, https:\/\/blogdoedvaldomagalhaes.com.br\/wp-content\/uploads\/2020\/09\/IMG-20200903-WA0173.jpg 1232w\" sizes=\"auto, (max-width: 1024px) 100vw, 1024px\" \/><figcaption>Fotos: PRF\/Divulga\u00e7\u00e3o<\/figcaption><\/figure>\n","protected":false},"excerpt":{"rendered":"<p>Come\u00e7a na sexta-feira (04) e segue at\u00e9 a segunda-feira (07) a Opera\u00e7\u00e3o Independ\u00eancia da Pol\u00edcia Rodovi\u00e1ria Federal (PRF) nas rodovias&hellip;<\/p>\n","protected":false},"author":1,"featured_media":60950,"comment_status":"open","ping_status":"open","sticky":false,"template":"","format":"standard","meta":{"footnotes":""},"categories":[14120],"tags":[19431,2278,19429],"class_list":["post-60949","post","type-post","status-publish","format-standard","has-post-thumbnail","hentry","category-noticias","tag-operacao-independencia","tag-policia-rodoviaria-federal","tag-prf-intensifica-fiscalizacao-nas-rodovias-federais-a-partir-desta-sexta-feira-4-saiba-detalhes"],"_links":{"self":[{"href":"https:\/\/blogdoedvaldomagalhaes.com.br\/index.php\/wp-json\/wp\/v2\/posts\/60949","targetHints":{"allow":["GET"]}}],"collection":[{"href":"https:\/\/blogdoedvaldomagalhaes.com.br\/index.php\/wp-json\/wp\/v2\/posts"}],"about":[{"href":"https:\/\/blogdoedvaldomagalhaes.com.br\/index.php\/wp-json\/wp\/v2\/types\/post"}],"author":[{"embeddable":true,"href":"https:\/\/blogdoedvaldomagalhaes.com.br\/index.php\/wp-json\/wp\/v2\/users\/1"}],"replies":[{"embeddable":true,"href":"https:\/\/blogdoedvaldomagalhaes.com.br\/index.php\/wp-json\/wp\/v2\/comments?post=60949"}],"version-history":[{"count":1,"href":"https:\/\/blogdoedvaldomagalhaes.com.br\/index.php\/wp-json\/wp\/v2\/posts\/60949\/revisions"}],"predecessor-version":[{"id":60952,"href":"https:\/\/blogdoedvaldomagalhaes.com.br\/index.php\/wp-json\/wp\/v2\/posts\/60949\/revisions\/60952"}],"wp:featuredmedia":[{"embeddable":true,"href":"https:\/\/blogdoedvaldomagalhaes.com.br\/index.php\/wp-json\/wp\/v2\/media\/60950"}],"wp:attachment":[{"href":"https:\/\/blogdoedvaldomagalhaes.com.br\/index.php\/wp-json\/wp\/v2\/media?parent=60949"}],"wp:term":[{"taxonomy":"category","embeddable":true,"href":"https:\/\/blogdoedvaldomagalhaes.com.br\/index.php\/wp-json\/wp\/v2\/categories?post=60949"},{"taxonomy":"post_tag","embeddable":true,"href":"https:\/\/blogdoedvaldomagalhaes.com.br\/index.php\/wp-json\/wp\/v2\/tags?post=60949"}],"curies":[{"name":"wp","href":"https:\/\/api.w.org\/{rel}","templated":true}]}}