{"id":60941,"date":"2020-09-03T11:33:49","date_gmt":"2020-09-03T14:33:49","guid":{"rendered":"https:\/\/blogdoedvaldomagalhaes.com.br\/?p=60941"},"modified":"2020-09-03T11:33:52","modified_gmt":"2020-09-03T14:33:52","slug":"caminhonetes-carro-e-moto-roubados-sao-recuperados-no-agreste-de-pernambuco","status":"publish","type":"post","link":"https:\/\/blogdoedvaldomagalhaes.com.br\/index.php\/2020\/09\/03\/caminhonetes-carro-e-moto-roubados-sao-recuperados-no-agreste-de-pernambuco\/","title":{"rendered":"Caminhonetes, carro e moto roubados s\u00e3o recuperados no Agreste de Pernambuco"},"content":{"rendered":"<p style=\"text-align: justify;\"><span style=\"font-size: inherit;\">Duas caminhonetes, um carro de luxo e uma motocicleta roubados foram recuperados na noite de quarta-feira (02), em S\u00e3o Caetano, Gravat\u00e1 e Garanhuns, no Agreste de Pernambuco. Quatro homens foram detidos durante fiscaliza\u00e7\u00f5es da Pol\u00edcia Rodovi\u00e1ria Federal (PRF).<\/span><\/p>\n<p style=\"text-align: justify;\">As duas caminhonetes foram recuperadas no Km 145 da BR 232, em S\u00e3o Caetano. A primeira havia sido roubada em Salvador, na Bahia, no ano de 2014, e o motorista informou que o pai dele havia comprado o ve\u00edculo no munic\u00edpio baiano de Caru\u00e7\u00e1. A outra havia sido roubada em maio deste ano em Jaboat\u00e3o dos Guararapes, no Grande Recife, e o condutor disse que o autom\u00f3vel seria o pagamento de uma d\u00edvida no valor de R$30 mil.<\/p>\n<p style=\"text-align: justify;\">O carro de luxo foi recuperado na BR 423, em Garanhuns, e havia sido roubado em maio deste ano no Recife. O motorista alegou que havia adquirido o ve\u00edculo na troca por um ve\u00edculo usado e um s\u00edtio. Ele n\u00e3o possu\u00eda a Carteira Nacional de Habilita\u00e7\u00e3o (CNH).<\/p>\n<p style=\"text-align: justify;\">J\u00e1 a motocicleta foi recuperada na BR 232, em Gravat\u00e1, e havia sido roubada no \u00faltimo s\u00e1bado (29) em Paulista, na Regi\u00e3o Metropolitana do Recife. O condutor portava um rev\u00f3lver municiado e admitiu que havia roubado a motocicleta para visitar o pai em Lajedo, tamb\u00e9m no Agreste. Ele era fugitivo do regime semiaberto.<\/p>\n<p style=\"text-align: justify;\">Todos os homens e os ve\u00edculos recuperados foram encaminhados a delegacias de Pol\u00edcia Civil de cada regi\u00e3o.<\/p>\n\n\n<figure class=\"wp-block-image size-large\"><img loading=\"lazy\" decoding=\"async\" width=\"1024\" height=\"576\" src=\"https:\/\/blogdoedvaldomagalhaes.com.br\/wp-content\/uploads\/2020\/09\/IMG-20200903-WA0118-1024x576.jpg\" alt=\"\" class=\"wp-image-60943\" srcset=\"https:\/\/blogdoedvaldomagalhaes.com.br\/wp-content\/uploads\/2020\/09\/IMG-20200903-WA0118-1024x576.jpg 1024w, https:\/\/blogdoedvaldomagalhaes.com.br\/wp-content\/uploads\/2020\/09\/IMG-20200903-WA0118-300x169.jpg 300w, https:\/\/blogdoedvaldomagalhaes.com.br\/wp-content\/uploads\/2020\/09\/IMG-20200903-WA0118-768x432.jpg 768w, https:\/\/blogdoedvaldomagalhaes.com.br\/wp-content\/uploads\/2020\/09\/IMG-20200903-WA0118-1140x641.jpg 1140w, https:\/\/blogdoedvaldomagalhaes.com.br\/wp-content\/uploads\/2020\/09\/IMG-20200903-WA0118-720x405.jpg 720w, https:\/\/blogdoedvaldomagalhaes.com.br\/wp-content\/uploads\/2020\/09\/IMG-20200903-WA0118.jpg 1280w\" sizes=\"auto, (max-width: 1024px) 100vw, 1024px\" \/><\/figure>\n\n\n\n<figure class=\"wp-block-image size-large\"><img loading=\"lazy\" decoding=\"async\" width=\"1024\" height=\"576\" src=\"https:\/\/blogdoedvaldomagalhaes.com.br\/wp-content\/uploads\/2020\/09\/IMG-20200903-WA0116-1024x576.jpg\" alt=\"\" class=\"wp-image-60944\" srcset=\"https:\/\/blogdoedvaldomagalhaes.com.br\/wp-content\/uploads\/2020\/09\/IMG-20200903-WA0116-1024x576.jpg 1024w, https:\/\/blogdoedvaldomagalhaes.com.br\/wp-content\/uploads\/2020\/09\/IMG-20200903-WA0116-300x169.jpg 300w, https:\/\/blogdoedvaldomagalhaes.com.br\/wp-content\/uploads\/2020\/09\/IMG-20200903-WA0116-768x432.jpg 768w, https:\/\/blogdoedvaldomagalhaes.com.br\/wp-content\/uploads\/2020\/09\/IMG-20200903-WA0116-1140x641.jpg 1140w, https:\/\/blogdoedvaldomagalhaes.com.br\/wp-content\/uploads\/2020\/09\/IMG-20200903-WA0116-720x405.jpg 720w, https:\/\/blogdoedvaldomagalhaes.com.br\/wp-content\/uploads\/2020\/09\/IMG-20200903-WA0116.jpg 1280w\" sizes=\"auto, (max-width: 1024px) 100vw, 1024px\" \/><\/figure>\n\n\n\n<figure class=\"wp-block-image size-large\"><img loading=\"lazy\" decoding=\"async\" width=\"576\" height=\"1024\" src=\"https:\/\/blogdoedvaldomagalhaes.com.br\/wp-content\/uploads\/2020\/09\/IMG-20200903-WA0114-576x1024.jpg\" alt=\"\" class=\"wp-image-60945\" srcset=\"https:\/\/blogdoedvaldomagalhaes.com.br\/wp-content\/uploads\/2020\/09\/IMG-20200903-WA0114-576x1024.jpg 576w, https:\/\/blogdoedvaldomagalhaes.com.br\/wp-content\/uploads\/2020\/09\/IMG-20200903-WA0114-169x300.jpg 169w, https:\/\/blogdoedvaldomagalhaes.com.br\/wp-content\/uploads\/2020\/09\/IMG-20200903-WA0114.jpg 648w\" sizes=\"auto, (max-width: 576px) 100vw, 576px\" \/><\/figure>\n\n\n\n<figure class=\"wp-block-image size-large\"><img loading=\"lazy\" decoding=\"async\" width=\"1024\" height=\"576\" src=\"https:\/\/blogdoedvaldomagalhaes.com.br\/wp-content\/uploads\/2020\/09\/IMG-20200903-WA0115-1024x576.jpg\" alt=\"\" class=\"wp-image-60946\" srcset=\"https:\/\/blogdoedvaldomagalhaes.com.br\/wp-content\/uploads\/2020\/09\/IMG-20200903-WA0115-1024x576.jpg 1024w, https:\/\/blogdoedvaldomagalhaes.com.br\/wp-content\/uploads\/2020\/09\/IMG-20200903-WA0115-300x169.jpg 300w, https:\/\/blogdoedvaldomagalhaes.com.br\/wp-content\/uploads\/2020\/09\/IMG-20200903-WA0115-768x432.jpg 768w, https:\/\/blogdoedvaldomagalhaes.com.br\/wp-content\/uploads\/2020\/09\/IMG-20200903-WA0115-1140x641.jpg 1140w, https:\/\/blogdoedvaldomagalhaes.com.br\/wp-content\/uploads\/2020\/09\/IMG-20200903-WA0115-720x405.jpg 720w, https:\/\/blogdoedvaldomagalhaes.com.br\/wp-content\/uploads\/2020\/09\/IMG-20200903-WA0115.jpg 1152w\" sizes=\"auto, (max-width: 1024px) 100vw, 1024px\" \/><figcaption>Fotos: PRF\/Divulga\u00e7\u00e3o<\/figcaption><\/figure>\n","protected":false},"excerpt":{"rendered":"<p>Duas caminhonetes, um carro de luxo e uma motocicleta roubados foram recuperados na noite de quarta-feira (02), em S\u00e3o Caetano,&hellip;<\/p>\n","protected":false},"author":1,"featured_media":60942,"comment_status":"open","ping_status":"open","sticky":false,"template":"","format":"standard","meta":{"footnotes":""},"categories":[14121],"tags":[19418,19427,19428],"class_list":["post-60941","post","type-post","status-publish","format-standard","has-post-thumbnail","hentry","category-policial","tag-blog-mais-acessado-de-caruaru-e-regiao","tag-caminhonetes","tag-carro-e-moto-roubados-sao-recuperados-no-agreste-de-pernambuco"],"_links":{"self":[{"href":"https:\/\/blogdoedvaldomagalhaes.com.br\/index.php\/wp-json\/wp\/v2\/posts\/60941","targetHints":{"allow":["GET"]}}],"collection":[{"href":"https:\/\/blogdoedvaldomagalhaes.com.br\/index.php\/wp-json\/wp\/v2\/posts"}],"about":[{"href":"https:\/\/blogdoedvaldomagalhaes.com.br\/index.php\/wp-json\/wp\/v2\/types\/post"}],"author":[{"embeddable":true,"href":"https:\/\/blogdoedvaldomagalhaes.com.br\/index.php\/wp-json\/wp\/v2\/users\/1"}],"replies":[{"embeddable":true,"href":"https:\/\/blogdoedvaldomagalhaes.com.br\/index.php\/wp-json\/wp\/v2\/comments?post=60941"}],"version-history":[{"count":1,"href":"https:\/\/blogdoedvaldomagalhaes.com.br\/index.php\/wp-json\/wp\/v2\/posts\/60941\/revisions"}],"predecessor-version":[{"id":60947,"href":"https:\/\/blogdoedvaldomagalhaes.com.br\/index.php\/wp-json\/wp\/v2\/posts\/60941\/revisions\/60947"}],"wp:featuredmedia":[{"embeddable":true,"href":"https:\/\/blogdoedvaldomagalhaes.com.br\/index.php\/wp-json\/wp\/v2\/media\/60942"}],"wp:attachment":[{"href":"https:\/\/blogdoedvaldomagalhaes.com.br\/index.php\/wp-json\/wp\/v2\/media?parent=60941"}],"wp:term":[{"taxonomy":"category","embeddable":true,"href":"https:\/\/blogdoedvaldomagalhaes.com.br\/index.php\/wp-json\/wp\/v2\/categories?post=60941"},{"taxonomy":"post_tag","embeddable":true,"href":"https:\/\/blogdoedvaldomagalhaes.com.br\/index.php\/wp-json\/wp\/v2\/tags?post=60941"}],"curies":[{"name":"wp","href":"https:\/\/api.w.org\/{rel}","templated":true}]}}