{"id":60937,"date":"2020-09-03T09:49:01","date_gmt":"2020-09-03T12:49:01","guid":{"rendered":"https:\/\/blogdoedvaldomagalhaes.com.br\/?p=60937"},"modified":"2020-09-03T09:49:07","modified_gmt":"2020-09-03T12:49:07","slug":"raquel-lyra-confirma-apoios-do-avante-democratas-e-cidadania","status":"publish","type":"post","link":"https:\/\/blogdoedvaldomagalhaes.com.br\/index.php\/2020\/09\/03\/raquel-lyra-confirma-apoios-do-avante-democratas-e-cidadania\/","title":{"rendered":"Raquel Lyra confirma apoios do Avante, Democratas e Cidadania"},"content":{"rendered":"<div style=\"text-align: justify;\">Raquel Lyra (PSDB) tem confirmado importantes apoios para sua pr\u00e9-candidatura a reelei\u00e7\u00e3o em Caruaru. Ela confirmou o apoio do Avante, atrav\u00e9s do presidente estadual Waldemar Oliveira, do Cidadania, atrav\u00e9s do presidente estadual Daniel Coelho, e do Democratas, atrav\u00e9s do presidente estadual Mendon\u00e7a Filho e de Priscila Krause.<\/div>\n<div class=\"signature-text\">\n<div>\u00a0<\/div>\n<\/div>\n\n\n<figure class=\"wp-block-image size-large\"><img loading=\"lazy\" decoding=\"async\" width=\"847\" height=\"847\" src=\"https:\/\/blogdoedvaldomagalhaes.com.br\/wp-content\/uploads\/2020\/09\/47d15f50-577a-42da-af18-e95202d8b572.jpeg\" alt=\"\" class=\"wp-image-60939\" srcset=\"https:\/\/blogdoedvaldomagalhaes.com.br\/wp-content\/uploads\/2020\/09\/47d15f50-577a-42da-af18-e95202d8b572.jpeg 847w, https:\/\/blogdoedvaldomagalhaes.com.br\/wp-content\/uploads\/2020\/09\/47d15f50-577a-42da-af18-e95202d8b572-300x300.jpeg 300w, https:\/\/blogdoedvaldomagalhaes.com.br\/wp-content\/uploads\/2020\/09\/47d15f50-577a-42da-af18-e95202d8b572-150x150.jpeg 150w, https:\/\/blogdoedvaldomagalhaes.com.br\/wp-content\/uploads\/2020\/09\/47d15f50-577a-42da-af18-e95202d8b572-768x768.jpeg 768w\" sizes=\"auto, (max-width: 847px) 100vw, 847px\" \/><figcaption>Fotos: Divulga\u00e7\u00e3o<\/figcaption><\/figure>\n","protected":false},"excerpt":{"rendered":"<p>Raquel Lyra (PSDB) tem confirmado importantes apoios para sua pr\u00e9-candidatura a reelei\u00e7\u00e3o em Caruaru. Ela confirmou o apoio do Avante,&hellip;<\/p>\n","protected":false},"author":1,"featured_media":60938,"comment_status":"open","ping_status":"open","sticky":false,"template":"","format":"standard","meta":{"footnotes":""},"categories":[14122],"tags":[2,1951,19425],"class_list":["post-60937","post","type-post","status-publish","format-standard","has-post-thumbnail","hentry","category-politica","tag-blog-do-edvaldo-magalhaes","tag-psdb","tag-raquel-lyra-confirma-apoios-do-avante"],"_links":{"self":[{"href":"https:\/\/blogdoedvaldomagalhaes.com.br\/index.php\/wp-json\/wp\/v2\/posts\/60937","targetHints":{"allow":["GET"]}}],"collection":[{"href":"https:\/\/blogdoedvaldomagalhaes.com.br\/index.php\/wp-json\/wp\/v2\/posts"}],"about":[{"href":"https:\/\/blogdoedvaldomagalhaes.com.br\/index.php\/wp-json\/wp\/v2\/types\/post"}],"author":[{"embeddable":true,"href":"https:\/\/blogdoedvaldomagalhaes.com.br\/index.php\/wp-json\/wp\/v2\/users\/1"}],"replies":[{"embeddable":true,"href":"https:\/\/blogdoedvaldomagalhaes.com.br\/index.php\/wp-json\/wp\/v2\/comments?post=60937"}],"version-history":[{"count":1,"href":"https:\/\/blogdoedvaldomagalhaes.com.br\/index.php\/wp-json\/wp\/v2\/posts\/60937\/revisions"}],"predecessor-version":[{"id":60940,"href":"https:\/\/blogdoedvaldomagalhaes.com.br\/index.php\/wp-json\/wp\/v2\/posts\/60937\/revisions\/60940"}],"wp:featuredmedia":[{"embeddable":true,"href":"https:\/\/blogdoedvaldomagalhaes.com.br\/index.php\/wp-json\/wp\/v2\/media\/60938"}],"wp:attachment":[{"href":"https:\/\/blogdoedvaldomagalhaes.com.br\/index.php\/wp-json\/wp\/v2\/media?parent=60937"}],"wp:term":[{"taxonomy":"category","embeddable":true,"href":"https:\/\/blogdoedvaldomagalhaes.com.br\/index.php\/wp-json\/wp\/v2\/categories?post=60937"},{"taxonomy":"post_tag","embeddable":true,"href":"https:\/\/blogdoedvaldomagalhaes.com.br\/index.php\/wp-json\/wp\/v2\/tags?post=60937"}],"curies":[{"name":"wp","href":"https:\/\/api.w.org\/{rel}","templated":true}]}}