{"id":60929,"date":"2020-09-03T08:23:26","date_gmt":"2020-09-03T11:23:26","guid":{"rendered":"https:\/\/blogdoedvaldomagalhaes.com.br\/?p=60929"},"modified":"2020-09-03T09:25:08","modified_gmt":"2020-09-03T12:25:08","slug":"suspeito-morre-e-outro-fica-ferido-em-acidente-durante-perseguicao-policial-em-caruaru","status":"publish","type":"post","link":"https:\/\/blogdoedvaldomagalhaes.com.br\/index.php\/2020\/09\/03\/suspeito-morre-e-outro-fica-ferido-em-acidente-durante-perseguicao-policial-em-caruaru\/","title":{"rendered":"Suspeito morre e outro fica ferido em acidente durante persegui\u00e7\u00e3o policial em Caruaru"},"content":{"rendered":"<p style=\"text-align: justify;\">Dois jovens suspeitos de praticarem assaltos sofreram um acidente durante persegui\u00e7\u00e3o policial no bairro Caiuc\u00e1, por volta das 3h30 desta quinta-feira (03). Eles ocupavam uma motocicleta de placa PEL-1885-Caruaru de cor vinho, e n\u00e3o obedeceram a ordem de parada da Pol\u00edcia Militar.<\/p>\n<p style=\"text-align: justify;\">Na persegui\u00e7\u00e3o, a moto colidiu em um \u00f4nibus na Rua Ribeir\u00e3o. Um suspeito que estava sem capacete morreu no local e ainda est\u00e1 sem identifica\u00e7\u00e3o, o outro de nome Adriel da Silva In\u00e1cio foi socorrido para o Hospital Regional do Agreste (HRA), e n\u00e3o corre risco de morrer, devido os ferimentos. A dupla estava com um rev\u00f3lver calibre 38 e muni\u00e7\u00f5es apreendidos durante a a\u00e7\u00e3o policial.<\/p>\n<p style=\"text-align: justify;\"><strong>PRF<\/strong><\/p>\n<p style=\"text-align: justify;\">A Pol\u00edcia Rodovi\u00e1ria Federal (PRF) registrou 7 acidentes no plant\u00e3o 24 horas, em rodovias federais de Pernambuco, com 12 ve\u00edculos envolvidos. Seis pessoas ficaram feridas. Ainda no balan\u00e7o, dois autos de alcoolemia, 9 pessoas detidas e 3 ve\u00edculos recuperados.<\/p>\n<p>Por Helenivaldo Pereira.<\/p>\n<p>Foto: Renan da Funer\u00e1ria\/Cortesia.<\/p>\n\n\n<figure class=\"wp-block-image size-large\"><img loading=\"lazy\" decoding=\"async\" width=\"576\" height=\"1024\" src=\"https:\/\/blogdoedvaldomagalhaes.com.br\/wp-content\/uploads\/2020\/09\/IMG-20200903-WA0030-576x1024.jpg\" alt=\"\" class=\"wp-image-60932\" srcset=\"https:\/\/blogdoedvaldomagalhaes.com.br\/wp-content\/uploads\/2020\/09\/IMG-20200903-WA0030-576x1024.jpg 576w, https:\/\/blogdoedvaldomagalhaes.com.br\/wp-content\/uploads\/2020\/09\/IMG-20200903-WA0030-169x300.jpg 169w, https:\/\/blogdoedvaldomagalhaes.com.br\/wp-content\/uploads\/2020\/09\/IMG-20200903-WA0030.jpg 581w\" sizes=\"auto, (max-width: 576px) 100vw, 576px\" \/><\/figure>\n\n\n\n<figure class=\"wp-block-image size-large\"><img loading=\"lazy\" decoding=\"async\" width=\"576\" height=\"1024\" src=\"https:\/\/blogdoedvaldomagalhaes.com.br\/wp-content\/uploads\/2020\/09\/IMG-20200903-WA0032-576x1024.jpg\" alt=\"\" class=\"wp-image-60934\" srcset=\"https:\/\/blogdoedvaldomagalhaes.com.br\/wp-content\/uploads\/2020\/09\/IMG-20200903-WA0032-576x1024.jpg 576w, https:\/\/blogdoedvaldomagalhaes.com.br\/wp-content\/uploads\/2020\/09\/IMG-20200903-WA0032-169x300.jpg 169w, https:\/\/blogdoedvaldomagalhaes.com.br\/wp-content\/uploads\/2020\/09\/IMG-20200903-WA0032.jpg 720w\" sizes=\"auto, (max-width: 576px) 100vw, 576px\" \/><figcaption>Fotos: Reprodu\u00e7\u00e3o\/WhatsApp<\/figcaption><\/figure>\n","protected":false},"excerpt":{"rendered":"<p>Dois jovens suspeitos de praticarem assaltos sofreram um acidente durante persegui\u00e7\u00e3o policial no bairro Caiuc\u00e1, por volta das 3h30 desta&hellip;<\/p>\n","protected":false},"author":1,"featured_media":60930,"comment_status":"open","ping_status":"open","sticky":false,"template":"","format":"standard","meta":{"footnotes":""},"categories":[14120],"tags":[16868,2,19418,19424],"class_list":["post-60929","post","type-post","status-publish","format-standard","has-post-thumbnail","hentry","category-noticias","tag-acidente-de-transito","tag-blog-do-edvaldo-magalhaes","tag-blog-mais-acessado-de-caruaru-e-regiao","tag-suspeito-morre-e-outro-fica-ferido-em-acidente-durante-perseguicao-policial-em-caruaru"],"_links":{"self":[{"href":"https:\/\/blogdoedvaldomagalhaes.com.br\/index.php\/wp-json\/wp\/v2\/posts\/60929","targetHints":{"allow":["GET"]}}],"collection":[{"href":"https:\/\/blogdoedvaldomagalhaes.com.br\/index.php\/wp-json\/wp\/v2\/posts"}],"about":[{"href":"https:\/\/blogdoedvaldomagalhaes.com.br\/index.php\/wp-json\/wp\/v2\/types\/post"}],"author":[{"embeddable":true,"href":"https:\/\/blogdoedvaldomagalhaes.com.br\/index.php\/wp-json\/wp\/v2\/users\/1"}],"replies":[{"embeddable":true,"href":"https:\/\/blogdoedvaldomagalhaes.com.br\/index.php\/wp-json\/wp\/v2\/comments?post=60929"}],"version-history":[{"count":3,"href":"https:\/\/blogdoedvaldomagalhaes.com.br\/index.php\/wp-json\/wp\/v2\/posts\/60929\/revisions"}],"predecessor-version":[{"id":60936,"href":"https:\/\/blogdoedvaldomagalhaes.com.br\/index.php\/wp-json\/wp\/v2\/posts\/60929\/revisions\/60936"}],"wp:featuredmedia":[{"embeddable":true,"href":"https:\/\/blogdoedvaldomagalhaes.com.br\/index.php\/wp-json\/wp\/v2\/media\/60930"}],"wp:attachment":[{"href":"https:\/\/blogdoedvaldomagalhaes.com.br\/index.php\/wp-json\/wp\/v2\/media?parent=60929"}],"wp:term":[{"taxonomy":"category","embeddable":true,"href":"https:\/\/blogdoedvaldomagalhaes.com.br\/index.php\/wp-json\/wp\/v2\/categories?post=60929"},{"taxonomy":"post_tag","embeddable":true,"href":"https:\/\/blogdoedvaldomagalhaes.com.br\/index.php\/wp-json\/wp\/v2\/tags?post=60929"}],"curies":[{"name":"wp","href":"https:\/\/api.w.org\/{rel}","templated":true}]}}