{"id":60920,"date":"2020-09-02T19:32:12","date_gmt":"2020-09-02T22:32:12","guid":{"rendered":"https:\/\/blogdoedvaldomagalhaes.com.br\/?p=60920"},"modified":"2020-09-02T19:32:18","modified_gmt":"2020-09-02T22:32:18","slug":"caruaru-tem-6-700-pacientes-recuperados-de-covid-19-confira-o-boletim-oficial","status":"publish","type":"post","link":"https:\/\/blogdoedvaldomagalhaes.com.br\/index.php\/2020\/09\/02\/caruaru-tem-6-700-pacientes-recuperados-de-covid-19-confira-o-boletim-oficial\/","title":{"rendered":"Caruaru tem 6.700 pacientes recuperados de Covid-19; Confira o Boletim Oficial"},"content":{"rendered":"<p style=\"text-align: justify;\">A Secretaria de Sa\u00fade de Caruaru registrou, em 24 horas, 79 novos casos de covid-19, incluindo dois \u00f3bitos. De acordo com boletim divulgado na noite desta quarta-feira (02) pela Secretaria Municipal de Sa\u00fade, as mortes foram de dois homens com idades de 61 e 77 anos, e ocorreram no per\u00edodo de 18 a 31 de agosto.<\/p>\n<p style=\"text-align: justify;\">Com esta atualiza\u00e7\u00e3o, Caruaru contabiliza agora 7.166 casos confirmado do novo coronav\u00edrus e 307 \u00f3bitos. Est\u00e3o em investiga\u00e7\u00e3o 526 casos e 4 mortes.<\/p>\n<p style=\"text-align: justify;\">Ainda de acordo com a Secretaria de Sa\u00fade, 6.700 pacientes est\u00e3o recuperados da doen\u00e7a (93,49%). O n\u00famero de casos descartados subiu para 11.608.<\/p>\n\n\n<figure class=\"wp-block-image size-large\"><img loading=\"lazy\" decoding=\"async\" width=\"1024\" height=\"1024\" src=\"https:\/\/blogdoedvaldomagalhaes.com.br\/wp-content\/uploads\/2020\/09\/IMG-20200902-WA0192-1024x1024.jpg\" alt=\"\" class=\"wp-image-60921\" srcset=\"https:\/\/blogdoedvaldomagalhaes.com.br\/wp-content\/uploads\/2020\/09\/IMG-20200902-WA0192-1024x1024.jpg 1024w, https:\/\/blogdoedvaldomagalhaes.com.br\/wp-content\/uploads\/2020\/09\/IMG-20200902-WA0192-300x300.jpg 300w, https:\/\/blogdoedvaldomagalhaes.com.br\/wp-content\/uploads\/2020\/09\/IMG-20200902-WA0192-150x150.jpg 150w, https:\/\/blogdoedvaldomagalhaes.com.br\/wp-content\/uploads\/2020\/09\/IMG-20200902-WA0192-768x768.jpg 768w, https:\/\/blogdoedvaldomagalhaes.com.br\/wp-content\/uploads\/2020\/09\/IMG-20200902-WA0192.jpg 1280w\" sizes=\"auto, (max-width: 1024px) 100vw, 1024px\" \/><\/figure>\n","protected":false},"excerpt":{"rendered":"<p>A Secretaria de Sa\u00fade de Caruaru registrou, em 24 horas, 79 novos casos de covid-19, incluindo dois \u00f3bitos. De acordo&hellip;<\/p>\n","protected":false},"author":1,"featured_media":60922,"comment_status":"open","ping_status":"open","sticky":false,"template":"","format":"standard","meta":{"footnotes":""},"categories":[14120],"tags":[2,19418,19422,17948],"class_list":["post-60920","post","type-post","status-publish","format-standard","has-post-thumbnail","hentry","category-noticias","tag-blog-do-edvaldo-magalhaes","tag-blog-mais-acessado-de-caruaru-e-regiao","tag-caruaru-tem-6-700-pacientes-recuperados-de-covid-19-confira-o-boletim-oficial","tag-coronavirus-2"],"_links":{"self":[{"href":"https:\/\/blogdoedvaldomagalhaes.com.br\/index.php\/wp-json\/wp\/v2\/posts\/60920","targetHints":{"allow":["GET"]}}],"collection":[{"href":"https:\/\/blogdoedvaldomagalhaes.com.br\/index.php\/wp-json\/wp\/v2\/posts"}],"about":[{"href":"https:\/\/blogdoedvaldomagalhaes.com.br\/index.php\/wp-json\/wp\/v2\/types\/post"}],"author":[{"embeddable":true,"href":"https:\/\/blogdoedvaldomagalhaes.com.br\/index.php\/wp-json\/wp\/v2\/users\/1"}],"replies":[{"embeddable":true,"href":"https:\/\/blogdoedvaldomagalhaes.com.br\/index.php\/wp-json\/wp\/v2\/comments?post=60920"}],"version-history":[{"count":1,"href":"https:\/\/blogdoedvaldomagalhaes.com.br\/index.php\/wp-json\/wp\/v2\/posts\/60920\/revisions"}],"predecessor-version":[{"id":60923,"href":"https:\/\/blogdoedvaldomagalhaes.com.br\/index.php\/wp-json\/wp\/v2\/posts\/60920\/revisions\/60923"}],"wp:featuredmedia":[{"embeddable":true,"href":"https:\/\/blogdoedvaldomagalhaes.com.br\/index.php\/wp-json\/wp\/v2\/media\/60922"}],"wp:attachment":[{"href":"https:\/\/blogdoedvaldomagalhaes.com.br\/index.php\/wp-json\/wp\/v2\/media?parent=60920"}],"wp:term":[{"taxonomy":"category","embeddable":true,"href":"https:\/\/blogdoedvaldomagalhaes.com.br\/index.php\/wp-json\/wp\/v2\/categories?post=60920"},{"taxonomy":"post_tag","embeddable":true,"href":"https:\/\/blogdoedvaldomagalhaes.com.br\/index.php\/wp-json\/wp\/v2\/tags?post=60920"}],"curies":[{"name":"wp","href":"https:\/\/api.w.org\/{rel}","templated":true}]}}