{"id":60913,"date":"2020-09-02T16:14:59","date_gmt":"2020-09-02T19:14:59","guid":{"rendered":"https:\/\/blogdoedvaldomagalhaes.com.br\/?p=60913"},"modified":"2020-09-02T16:15:04","modified_gmt":"2020-09-02T19:15:04","slug":"pv-confirma-apoio-a-raffie-em-caruaru","status":"publish","type":"post","link":"https:\/\/blogdoedvaldomagalhaes.com.br\/index.php\/2020\/09\/02\/pv-confirma-apoio-a-raffie-em-caruaru\/","title":{"rendered":"PV confirma apoio a Raffi\u00ea em Caruaru"},"content":{"rendered":"<p style=\"text-align: justify;\"><span style=\"font-size: inherit;\">O Partido Verde (PV) anunciou, nesta quarta-feira (2), o apoio \u00e0 pr\u00e9-candidatura de Raffi\u00ea Dellon (PSD), \u00e0 prefeito de Caruaru. Jorge Carreiro, presidente estadual da sigla e vice-prefeito de Paulista, afirmou que o jovem \u201c\u00c9 o novo de verdade para Caruaru\u201d. Para ele existe converg\u00eancia de pautas entre o PV e o projeto de Raffi\u00ea.<\/span><\/p>\n<p style=\"text-align: justify;\">\u201cEstamos apostando no novo de verdade para Caruaru. Raffi\u00ea se preparou muito para esse pleito, ele nos representa, est\u00e1 pronto para o desafio\u201d, comentou Jorge Carrero.<\/p>\n<p style=\"text-align: justify;\">Raffi\u00ea esteve reunido com o presidente estadual do Partido Verde, na sede estadual do partido em Recife. Na ocasi\u00e3o, foi ratificado o apoio \u00e0 Raffi\u00ea para o pleito de 15 de Novembro. O advogado e Secret\u00e1rio de Finan\u00e7as do PV em Caruaru, M\u00e1rcio Sales, e George, Secret\u00e1rio Estadual de Finan\u00e7as tamb\u00e9m participaram do encontro.<\/p>\n","protected":false},"excerpt":{"rendered":"<p>O Partido Verde (PV) anunciou, nesta quarta-feira (2), o apoio \u00e0 pr\u00e9-candidatura de Raffi\u00ea Dellon (PSD), \u00e0 prefeito de Caruaru.&hellip;<\/p>\n","protected":false},"author":1,"featured_media":60914,"comment_status":"open","ping_status":"open","sticky":false,"template":"","format":"standard","meta":{"footnotes":""},"categories":[14122],"tags":[2,19418,4432,19417],"class_list":["post-60913","post","type-post","status-publish","format-standard","has-post-thumbnail","hentry","category-politica","tag-blog-do-edvaldo-magalhaes","tag-blog-mais-acessado-de-caruaru-e-regiao","tag-partido-verde","tag-pv-confirma-apoio-a-raffie-em-caruaru"],"_links":{"self":[{"href":"https:\/\/blogdoedvaldomagalhaes.com.br\/index.php\/wp-json\/wp\/v2\/posts\/60913","targetHints":{"allow":["GET"]}}],"collection":[{"href":"https:\/\/blogdoedvaldomagalhaes.com.br\/index.php\/wp-json\/wp\/v2\/posts"}],"about":[{"href":"https:\/\/blogdoedvaldomagalhaes.com.br\/index.php\/wp-json\/wp\/v2\/types\/post"}],"author":[{"embeddable":true,"href":"https:\/\/blogdoedvaldomagalhaes.com.br\/index.php\/wp-json\/wp\/v2\/users\/1"}],"replies":[{"embeddable":true,"href":"https:\/\/blogdoedvaldomagalhaes.com.br\/index.php\/wp-json\/wp\/v2\/comments?post=60913"}],"version-history":[{"count":1,"href":"https:\/\/blogdoedvaldomagalhaes.com.br\/index.php\/wp-json\/wp\/v2\/posts\/60913\/revisions"}],"predecessor-version":[{"id":60915,"href":"https:\/\/blogdoedvaldomagalhaes.com.br\/index.php\/wp-json\/wp\/v2\/posts\/60913\/revisions\/60915"}],"wp:featuredmedia":[{"embeddable":true,"href":"https:\/\/blogdoedvaldomagalhaes.com.br\/index.php\/wp-json\/wp\/v2\/media\/60914"}],"wp:attachment":[{"href":"https:\/\/blogdoedvaldomagalhaes.com.br\/index.php\/wp-json\/wp\/v2\/media?parent=60913"}],"wp:term":[{"taxonomy":"category","embeddable":true,"href":"https:\/\/blogdoedvaldomagalhaes.com.br\/index.php\/wp-json\/wp\/v2\/categories?post=60913"},{"taxonomy":"post_tag","embeddable":true,"href":"https:\/\/blogdoedvaldomagalhaes.com.br\/index.php\/wp-json\/wp\/v2\/tags?post=60913"}],"curies":[{"name":"wp","href":"https:\/\/api.w.org\/{rel}","templated":true}]}}