{"id":609,"date":"2018-11-26T21:22:00","date_gmt":"2018-11-26T23:22:00","guid":{"rendered":"http:\/\/blogdoedvaldomagalhaes.com.br\/index.php\/2018\/11\/26\/semana-cultural-afro-brasileira-e\/"},"modified":"2019-02-09T02:43:00","modified_gmt":"2019-02-09T04:43:00","slug":"semana-cultural-afro-brasileira-e","status":"publish","type":"post","link":"https:\/\/blogdoedvaldomagalhaes.com.br\/index.php\/2018\/11\/26\/semana-cultural-afro-brasileira-e\/","title":{"rendered":"Semana Cultural AfroBrasileira \u00e9 encerrada com roda de samba em Caruaru"},"content":{"rendered":"<div class=\"separator\" style=\"clear: both; text-align: center;\">\n<a href=\"https:\/\/4.bp.blogspot.com\/-Zg1X7-EBDSY\/W_xjxaRGQoI\/AAAAAAAA-Yw\/Zua8txpb5uwGeFMVIvM9FUicIIYUc5QNwCLcBGAs\/s1600\/IMG-20181126-WA0199.jpg\" imageanchor=\"1\" style=\"margin-left: 1em; margin-right: 1em;\"><img loading=\"lazy\" decoding=\"async\" border=\"0\" data-original-height=\"853\" data-original-width=\"1280\" height=\"426\" src=\"http:\/\/blogdoedvaldomagalhaes.com.br\/wp-content\/uploads\/2018\/11\/IMG-20181126-WA0199.jpg\" width=\"640\" \/><\/a><\/div>\n<div style=\"text-align: center;\">\nFotos: Marina Castro\/K9 Produ\u00e7\u00f5es<\/div>\n<div style=\"text-align: center;\">\n<\/div>\n<div style=\"text-align: justify;\">\nA Prefeitura de Caruaru, atrav\u00e9s da Funda\u00e7\u00e3o de Cultura e Turismo (FCTC) e Bar\u00e1 Cultural Produ\u00e7\u00f5es, finalizou a Semana Cultural AfroBrasileira 2018, com o Samba Monte do Bom Jesus, nesse domingo (25).<\/p>\n<\/div>\n<div style=\"text-align: justify;\">\n<div class=\"separator\" style=\"clear: both; text-align: center;\">\n<a href=\"https:\/\/1.bp.blogspot.com\/-p_w8t8C-1Lo\/W_xnlsS0Y0I\/AAAAAAAA-Y8\/NtZGxWG1HVE5wdn20YxrvbHspvX91xkpwCLcBGAs\/s1600\/roda%2B3.jpg\" imageanchor=\"1\" style=\"margin-left: 1em; margin-right: 1em;\"><img loading=\"lazy\" decoding=\"async\" border=\"0\" data-original-height=\"341\" data-original-width=\"512\" height=\"426\" src=\"http:\/\/blogdoedvaldomagalhaes.com.br\/wp-content\/uploads\/2018\/11\/roda3.jpg\" width=\"640\" \/><\/a><\/div>\n<p><\/div>\n<div style=\"text-align: justify;\">\nA roda de samba teve como anfitri\u00e3o o sambista e coordenador de m\u00fasica Colibri Brasil, que trouxe como convidados os cantores Barth\u00f4, Rosy Aguilar, Ayane Barros, Thayse Dias, Sabrina Keitty, Elida Mendon\u00e7a, Luciana Salvador e Jeff Ribeiro e o Grupo Nuw\u00ea.<\/p>\n<\/div>\n<div style=\"text-align: justify;\">\n<div class=\"separator\" style=\"clear: both; text-align: center;\">\n<a href=\"https:\/\/4.bp.blogspot.com\/-_IqUCFm8ijw\/W_xnqNJMEVI\/AAAAAAAA-ZA\/NfOiQAzrEKw7yNw4DheU1Xu7qSBsSdCSgCLcBGAs\/s1600\/roda%2B12.jpg\" imageanchor=\"1\" style=\"margin-left: 1em; margin-right: 1em;\"><img loading=\"lazy\" decoding=\"async\" border=\"0\" data-original-height=\"341\" data-original-width=\"512\" height=\"426\" src=\"http:\/\/blogdoedvaldomagalhaes.com.br\/wp-content\/uploads\/2018\/11\/roda12.jpg\" width=\"640\" \/><\/a><\/div>\n<p><\/div>\n<div style=\"text-align: justify;\">\nO prefeito em exerc\u00edcio, Rodrigo Pinheiro, acompanhou de perto o evento em comemora\u00e7\u00e3o \u00e0 Semana Cultural AfroBrasileira. \u201cEstamos finalizando as comemora\u00e7\u00f5es com chave de ouro. A boa m\u00fasica atraiu muita gente nesse domingo\u201d, disse Rodrigo Pinheiro.<\/p>\n<\/div>\n<div style=\"text-align: justify;\">\n<div class=\"separator\" style=\"clear: both; text-align: center;\">\n<a href=\"https:\/\/3.bp.blogspot.com\/-yuj_sCLMbic\/W_xnvHBwMNI\/AAAAAAAA-ZE\/Mw3Uuy8oPPYhz7mG0OCBIA91bbB8ttwwwCLcBGAs\/s1600\/roda%2B32.jpg\" imageanchor=\"1\" style=\"margin-left: 1em; margin-right: 1em;\"><img loading=\"lazy\" decoding=\"async\" border=\"0\" data-original-height=\"341\" data-original-width=\"512\" height=\"426\" src=\"http:\/\/blogdoedvaldomagalhaes.com.br\/wp-content\/uploads\/2018\/11\/roda32.jpg\" width=\"640\" \/><\/a><\/div>\n<p><\/div>\n<div style=\"text-align: justify;\">\n\u00c0s 18h, o evento foi finalizado com o toque do sino da Igreja de Santa Luzia, seguido pela m\u00fasica da Ave Maria. \u201c\u00c9 muito importante quando fazemos o evento com o povo. O samba \u00e9 um s\u00edmbolo da cultura afro e o p\u00fablico abra\u00e7ou e aprovou esse nosso projeto. Finalizo a Semana Cultural AfroBrasileira dizendo que aqui \u00e9 resist\u00eancia e gratid\u00e3o\u201d, concluiu o coordenador de m\u00fasica, Colibri Brasil.<\/div>\n<div style=\"text-align: justify;\">\n<\/div>\n","protected":false},"excerpt":{"rendered":"<p>Fotos: Marina Castro\/K9 Produ\u00e7\u00f5es A Prefeitura de Caruaru, atrav\u00e9s da Funda\u00e7\u00e3o de Cultura e Turismo (FCTC) e Bar\u00e1 Cultural Produ\u00e7\u00f5es,&hellip;<\/p>\n","protected":false},"author":1,"featured_media":0,"comment_status":"open","ping_status":"open","sticky":false,"template":"","format":"standard","meta":{"footnotes":""},"categories":[1],"tags":[2,6,536],"class_list":["post-609","post","type-post","status-publish","format-standard","hentry","category-sem-categoria","tag-blog-do-edvaldo-magalhaes","tag-noticias","tag-semana-cultural-afrobrasileira-e-encerrada-com-roda-de-samba-em-caruaru"],"_links":{"self":[{"href":"https:\/\/blogdoedvaldomagalhaes.com.br\/index.php\/wp-json\/wp\/v2\/posts\/609","targetHints":{"allow":["GET"]}}],"collection":[{"href":"https:\/\/blogdoedvaldomagalhaes.com.br\/index.php\/wp-json\/wp\/v2\/posts"}],"about":[{"href":"https:\/\/blogdoedvaldomagalhaes.com.br\/index.php\/wp-json\/wp\/v2\/types\/post"}],"author":[{"embeddable":true,"href":"https:\/\/blogdoedvaldomagalhaes.com.br\/index.php\/wp-json\/wp\/v2\/users\/1"}],"replies":[{"embeddable":true,"href":"https:\/\/blogdoedvaldomagalhaes.com.br\/index.php\/wp-json\/wp\/v2\/comments?post=609"}],"version-history":[{"count":1,"href":"https:\/\/blogdoedvaldomagalhaes.com.br\/index.php\/wp-json\/wp\/v2\/posts\/609\/revisions"}],"predecessor-version":[{"id":36186,"href":"https:\/\/blogdoedvaldomagalhaes.com.br\/index.php\/wp-json\/wp\/v2\/posts\/609\/revisions\/36186"}],"wp:attachment":[{"href":"https:\/\/blogdoedvaldomagalhaes.com.br\/index.php\/wp-json\/wp\/v2\/media?parent=609"}],"wp:term":[{"taxonomy":"category","embeddable":true,"href":"https:\/\/blogdoedvaldomagalhaes.com.br\/index.php\/wp-json\/wp\/v2\/categories?post=609"},{"taxonomy":"post_tag","embeddable":true,"href":"https:\/\/blogdoedvaldomagalhaes.com.br\/index.php\/wp-json\/wp\/v2\/tags?post=609"}],"curies":[{"name":"wp","href":"https:\/\/api.w.org\/{rel}","templated":true}]}}