{"id":60883,"date":"2020-09-01T15:40:17","date_gmt":"2020-09-01T18:40:17","guid":{"rendered":"https:\/\/blogdoedvaldomagalhaes.com.br\/?p=60883"},"modified":"2020-09-01T15:40:18","modified_gmt":"2020-09-01T18:40:18","slug":"homicidio-morre-no-hra-andarilho-que-foi-esfaqueado-em-caruaru","status":"publish","type":"post","link":"https:\/\/blogdoedvaldomagalhaes.com.br\/index.php\/2020\/09\/01\/homicidio-morre-no-hra-andarilho-que-foi-esfaqueado-em-caruaru\/","title":{"rendered":"Homic\u00eddio: Morre no HRA andarilho que foi esfaqueado em Caruaru"},"content":{"rendered":"<p style=\"text-align: justify;\"><span style=\"font-size: inherit;\">O andarilho Alexandre Santos da Silva, de 31 anos de idade, foi esfaqueado quando estava no bairro Vassoural, em Caruaru, na noite desta segunda-feira (01). Alexandre foi socorrido pelo Samu e levado para o Hospital Regional do Agreste (HRA), onde passou por cirurgia, morrendo na sala de recupera\u00e7\u00e3o. A<\/span><span style=\"font-size: inherit;\">\u00a0Divis\u00e3o Especial de Apura\u00e7\u00e3o de Homic\u00eddios (DEAH),\u00a0 est\u00e1 investigando o caso.<\/span><\/p>\n<p style=\"text-align: justify;\">Esse foi o \u00faltimo homicidio do m\u00eas de agosto de 2020.\u00a0 Durante todo o ano, 94 assassinatos foram registrados em Caruaru.<\/p>\n","protected":false},"excerpt":{"rendered":"<p>O andarilho Alexandre Santos da Silva, de 31 anos de idade, foi esfaqueado quando estava no bairro Vassoural, em Caruaru,&hellip;<\/p>\n","protected":false},"author":1,"featured_media":60884,"comment_status":"open","ping_status":"open","sticky":false,"template":"","format":"standard","meta":{"footnotes":""},"categories":[14121],"tags":[2,16881,19406,312],"class_list":["post-60883","post","type-post","status-publish","format-standard","has-post-thumbnail","hentry","category-policial","tag-blog-do-edvaldo-magalhaes","tag-caruaru-e-regiao","tag-homicidio-morre-no-hra-andarilho-que-foi-esfaqueado-em-caruaru","tag-hospital-regional-do-agreste"],"_links":{"self":[{"href":"https:\/\/blogdoedvaldomagalhaes.com.br\/index.php\/wp-json\/wp\/v2\/posts\/60883","targetHints":{"allow":["GET"]}}],"collection":[{"href":"https:\/\/blogdoedvaldomagalhaes.com.br\/index.php\/wp-json\/wp\/v2\/posts"}],"about":[{"href":"https:\/\/blogdoedvaldomagalhaes.com.br\/index.php\/wp-json\/wp\/v2\/types\/post"}],"author":[{"embeddable":true,"href":"https:\/\/blogdoedvaldomagalhaes.com.br\/index.php\/wp-json\/wp\/v2\/users\/1"}],"replies":[{"embeddable":true,"href":"https:\/\/blogdoedvaldomagalhaes.com.br\/index.php\/wp-json\/wp\/v2\/comments?post=60883"}],"version-history":[{"count":1,"href":"https:\/\/blogdoedvaldomagalhaes.com.br\/index.php\/wp-json\/wp\/v2\/posts\/60883\/revisions"}],"predecessor-version":[{"id":60885,"href":"https:\/\/blogdoedvaldomagalhaes.com.br\/index.php\/wp-json\/wp\/v2\/posts\/60883\/revisions\/60885"}],"wp:featuredmedia":[{"embeddable":true,"href":"https:\/\/blogdoedvaldomagalhaes.com.br\/index.php\/wp-json\/wp\/v2\/media\/60884"}],"wp:attachment":[{"href":"https:\/\/blogdoedvaldomagalhaes.com.br\/index.php\/wp-json\/wp\/v2\/media?parent=60883"}],"wp:term":[{"taxonomy":"category","embeddable":true,"href":"https:\/\/blogdoedvaldomagalhaes.com.br\/index.php\/wp-json\/wp\/v2\/categories?post=60883"},{"taxonomy":"post_tag","embeddable":true,"href":"https:\/\/blogdoedvaldomagalhaes.com.br\/index.php\/wp-json\/wp\/v2\/tags?post=60883"}],"curies":[{"name":"wp","href":"https:\/\/api.w.org\/{rel}","templated":true}]}}