{"id":60876,"date":"2020-09-01T10:07:05","date_gmt":"2020-09-01T13:07:05","guid":{"rendered":"https:\/\/blogdoedvaldomagalhaes.com.br\/?p=60876"},"modified":"2020-09-01T10:07:12","modified_gmt":"2020-09-01T13:07:12","slug":"carga-de-70-mil-macos-de-cigarro-paraguaio-e-apreendida-em-garanhuns","status":"publish","type":"post","link":"https:\/\/blogdoedvaldomagalhaes.com.br\/index.php\/2020\/09\/01\/carga-de-70-mil-macos-de-cigarro-paraguaio-e-apreendida-em-garanhuns\/","title":{"rendered":"Carga de 70 mil ma\u00e7os de cigarro paraguaio \u00e9 apreendida em Garanhuns"},"content":{"rendered":"<p style=\"text-align: justify;\"><span style=\"font-size: inherit;\">Uma carga de 70 mil ma\u00e7os de cigarro de origem paraguaia foi apreendida na noite de segunda-feira (31), em Garanhuns, no Agreste de Pernambuco. Um homem de 46 anos que transportava os produtos em uma van foi detido em uma a\u00e7\u00e3o conjunta da Pol\u00edcia Rodovi\u00e1ria Federal (PRF) e 9\u00ba Batalh\u00e3o de Pol\u00edcia Militar (BPM).<\/span><\/p>\n<p style=\"text-align: justify;\">Policiais do Grupo de Patrulhamento T\u00e1tico da PRF realizavam uma fiscaliza\u00e7\u00e3o no Km 95 da BR 423, quando observaram o motorista de uma van adentrar de forma brusca na cidade. Foi realizado o acompanhamento do ve\u00edculo, mas o motorista desobedeceu a ordem de parada e fugiu pela contram\u00e3o em alta velocidade.<\/p>\n<p style=\"text-align: justify;\">Em seguida, a equipe montou um cerco com a participa\u00e7\u00e3o da Pol\u00edcia Militar e conseguiu abordar o ve\u00edculo no bairro da Cohab 2. Dentro do compartimento de carga do ve\u00edculo foram encontradas 140 caixas de cigarro, avaliadas em cerca de R$350 mil.<\/p>\n<p style=\"text-align: justify;\">O motorista informou que o produto havia sido adquirido na cidade de Arapiraca, em Alagoas, e seria comercializado em Goiana, na Zona da Mata Norte de Pernambuco. Ele foi encaminhado junto com a mercadoria para a Delegacia de Pol\u00edcia Federal de Caruaru.<\/p>\n\n\n<figure class=\"wp-block-image size-large\"><img loading=\"lazy\" decoding=\"async\" width=\"1024\" height=\"768\" src=\"https:\/\/blogdoedvaldomagalhaes.com.br\/wp-content\/uploads\/2020\/09\/IMG-20200901-WA0029-1024x768.jpg\" alt=\"\" class=\"wp-image-60878\" srcset=\"https:\/\/blogdoedvaldomagalhaes.com.br\/wp-content\/uploads\/2020\/09\/IMG-20200901-WA0029-1024x768.jpg 1024w, https:\/\/blogdoedvaldomagalhaes.com.br\/wp-content\/uploads\/2020\/09\/IMG-20200901-WA0029-300x225.jpg 300w, https:\/\/blogdoedvaldomagalhaes.com.br\/wp-content\/uploads\/2020\/09\/IMG-20200901-WA0029-768x576.jpg 768w, https:\/\/blogdoedvaldomagalhaes.com.br\/wp-content\/uploads\/2020\/09\/IMG-20200901-WA0029-160x120.jpg 160w, https:\/\/blogdoedvaldomagalhaes.com.br\/wp-content\/uploads\/2020\/09\/IMG-20200901-WA0029.jpg 1280w\" sizes=\"auto, (max-width: 1024px) 100vw, 1024px\" \/><figcaption>Fotos: PRF\/Divulga\u00e7\u00e3o<\/figcaption><\/figure>\n","protected":false},"excerpt":{"rendered":"<p>Uma carga de 70 mil ma\u00e7os de cigarro de origem paraguaia foi apreendida na noite de segunda-feira (31), em Garanhuns,&hellip;<\/p>\n","protected":false},"author":1,"featured_media":60877,"comment_status":"open","ping_status":"open","sticky":false,"template":"","format":"standard","meta":{"footnotes":""},"categories":[14121],"tags":[2,19404,16881],"class_list":["post-60876","post","type-post","status-publish","format-standard","has-post-thumbnail","hentry","category-policial","tag-blog-do-edvaldo-magalhaes","tag-carga-de-70-mil-macos-de-cigarro-paraguaio-e-apreendida-em-garanhuns","tag-caruaru-e-regiao"],"_links":{"self":[{"href":"https:\/\/blogdoedvaldomagalhaes.com.br\/index.php\/wp-json\/wp\/v2\/posts\/60876","targetHints":{"allow":["GET"]}}],"collection":[{"href":"https:\/\/blogdoedvaldomagalhaes.com.br\/index.php\/wp-json\/wp\/v2\/posts"}],"about":[{"href":"https:\/\/blogdoedvaldomagalhaes.com.br\/index.php\/wp-json\/wp\/v2\/types\/post"}],"author":[{"embeddable":true,"href":"https:\/\/blogdoedvaldomagalhaes.com.br\/index.php\/wp-json\/wp\/v2\/users\/1"}],"replies":[{"embeddable":true,"href":"https:\/\/blogdoedvaldomagalhaes.com.br\/index.php\/wp-json\/wp\/v2\/comments?post=60876"}],"version-history":[{"count":1,"href":"https:\/\/blogdoedvaldomagalhaes.com.br\/index.php\/wp-json\/wp\/v2\/posts\/60876\/revisions"}],"predecessor-version":[{"id":60879,"href":"https:\/\/blogdoedvaldomagalhaes.com.br\/index.php\/wp-json\/wp\/v2\/posts\/60876\/revisions\/60879"}],"wp:featuredmedia":[{"embeddable":true,"href":"https:\/\/blogdoedvaldomagalhaes.com.br\/index.php\/wp-json\/wp\/v2\/media\/60877"}],"wp:attachment":[{"href":"https:\/\/blogdoedvaldomagalhaes.com.br\/index.php\/wp-json\/wp\/v2\/media?parent=60876"}],"wp:term":[{"taxonomy":"category","embeddable":true,"href":"https:\/\/blogdoedvaldomagalhaes.com.br\/index.php\/wp-json\/wp\/v2\/categories?post=60876"},{"taxonomy":"post_tag","embeddable":true,"href":"https:\/\/blogdoedvaldomagalhaes.com.br\/index.php\/wp-json\/wp\/v2\/tags?post=60876"}],"curies":[{"name":"wp","href":"https:\/\/api.w.org\/{rel}","templated":true}]}}