{"id":60870,"date":"2020-09-01T08:31:20","date_gmt":"2020-09-01T11:31:20","guid":{"rendered":"https:\/\/blogdoedvaldomagalhaes.com.br\/?p=60870"},"modified":"2020-09-01T08:31:27","modified_gmt":"2020-09-01T11:31:27","slug":"caruaru-unifavip-oferece-atendimento-psicologico-presencial-gratuito","status":"publish","type":"post","link":"https:\/\/blogdoedvaldomagalhaes.com.br\/index.php\/2020\/09\/01\/caruaru-unifavip-oferece-atendimento-psicologico-presencial-gratuito\/","title":{"rendered":"Caruaru: UniFavip oferece atendimento psicol\u00f3gico presencial gratuito"},"content":{"rendered":"<p style=\"text-align: justify;\"><span style=\"font-size: inherit;\">Com o objetivo de promover a sa\u00fade mental da comunidade, o Curso de Psicologia do Centro Universit\u00e1rio UniFavip est\u00e1 disponibilizando o plant\u00e3o psicol\u00f3gico, na modalidade presencial. Os atendimentos acontecem de segunda a sexta-feira, das 8h \u00e0s 18h, no pr\u00f3prio campus da institui\u00e7\u00e3o.<\/span><\/p>\n<p style=\"text-align: justify;\">\n\u201cOs atendimentos s\u00e3o gratuitos, possuem dura\u00e7\u00e3o de 30 minutos e s\u00e3o sistem\u00e1ticos, ou seja, acontecem semanalmente. Tivemos in\u00edcio das atividades no dia 24 de agosto e vamos at\u00e9 o dia 30 de novembro. Todos os atendimentos devem ser agendados previamente, pois a checagem dos nomes \u00e9 feita na portaria do UniFavip\u201d, destacou a preceptora de est\u00e1gio Tarcya Lima, que tamb\u00e9m ressaltou os cuidados na preven\u00e7\u00e3o contra o coronav\u00edrus durante os atendimentos.<\/p>\n<p>\u201cComo parte dos protocolos de seguran\u00e7a temos a checagem de temperatura na entrada, \u00e1lcool em gel disponibilizado nas salas de atendimento e tamb\u00e9m organizamos as salas de atendimento respeitando o distanciamento das cadeiras conforme orienta\u00e7\u00f5es dos \u00f3rg\u00e3os competentes\u201d, finalizou.<\/p>\n<p>Os interessados em ter acesso ao servi\u00e7o precisam agendar um hor\u00e1rio, atrav\u00e9s do telefone 81 3138-8530 ou 81 3138-8501. No momento h\u00e1 disponibilidade de algumas vagas, com uma m\u00e9dia 400 pessoas semestralmente atendidas semestralmente. Como frisou a preceptora de est\u00e1gio, os atendimentos s\u00e3o feitos respeitando o distanciamento e os protocolos recomendados pela Organiza\u00e7\u00e3o Mundial da Sa\u00fade (OMS), devido \u00e0 pandemia da covid-19 \u2013 lembrando que \u00e9 obrigat\u00f3rio o uso de m\u00e1scara para adentrar no UniFavip e durante toda consulta.<\/p>\n","protected":false},"excerpt":{"rendered":"<p>Com o objetivo de promover a sa\u00fade mental da comunidade, o Curso de Psicologia do Centro Universit\u00e1rio UniFavip est\u00e1 disponibilizando&hellip;<\/p>\n","protected":false},"author":1,"featured_media":60871,"comment_status":"open","ping_status":"open","sticky":false,"template":"","format":"standard","meta":{"footnotes":""},"categories":[14120],"tags":[2,16881,19402],"class_list":["post-60870","post","type-post","status-publish","format-standard","has-post-thumbnail","hentry","category-noticias","tag-blog-do-edvaldo-magalhaes","tag-caruaru-e-regiao","tag-caruaru-unifavip-oferece-atendimento-psicologico-presencial-gratuito"],"_links":{"self":[{"href":"https:\/\/blogdoedvaldomagalhaes.com.br\/index.php\/wp-json\/wp\/v2\/posts\/60870","targetHints":{"allow":["GET"]}}],"collection":[{"href":"https:\/\/blogdoedvaldomagalhaes.com.br\/index.php\/wp-json\/wp\/v2\/posts"}],"about":[{"href":"https:\/\/blogdoedvaldomagalhaes.com.br\/index.php\/wp-json\/wp\/v2\/types\/post"}],"author":[{"embeddable":true,"href":"https:\/\/blogdoedvaldomagalhaes.com.br\/index.php\/wp-json\/wp\/v2\/users\/1"}],"replies":[{"embeddable":true,"href":"https:\/\/blogdoedvaldomagalhaes.com.br\/index.php\/wp-json\/wp\/v2\/comments?post=60870"}],"version-history":[{"count":1,"href":"https:\/\/blogdoedvaldomagalhaes.com.br\/index.php\/wp-json\/wp\/v2\/posts\/60870\/revisions"}],"predecessor-version":[{"id":60872,"href":"https:\/\/blogdoedvaldomagalhaes.com.br\/index.php\/wp-json\/wp\/v2\/posts\/60870\/revisions\/60872"}],"wp:featuredmedia":[{"embeddable":true,"href":"https:\/\/blogdoedvaldomagalhaes.com.br\/index.php\/wp-json\/wp\/v2\/media\/60871"}],"wp:attachment":[{"href":"https:\/\/blogdoedvaldomagalhaes.com.br\/index.php\/wp-json\/wp\/v2\/media?parent=60870"}],"wp:term":[{"taxonomy":"category","embeddable":true,"href":"https:\/\/blogdoedvaldomagalhaes.com.br\/index.php\/wp-json\/wp\/v2\/categories?post=60870"},{"taxonomy":"post_tag","embeddable":true,"href":"https:\/\/blogdoedvaldomagalhaes.com.br\/index.php\/wp-json\/wp\/v2\/tags?post=60870"}],"curies":[{"name":"wp","href":"https:\/\/api.w.org\/{rel}","templated":true}]}}