{"id":60867,"date":"2020-08-31T21:18:56","date_gmt":"2020-09-01T00:18:56","guid":{"rendered":"https:\/\/blogdoedvaldomagalhaes.com.br\/?p=60867"},"modified":"2020-08-31T21:19:00","modified_gmt":"2020-09-01T00:19:00","slug":"caruaru-lessa-anuncia-manoel-santos-do-psl-na-vaga-de-vice","status":"publish","type":"post","link":"https:\/\/blogdoedvaldomagalhaes.com.br\/index.php\/2020\/08\/31\/caruaru-lessa-anuncia-manoel-santos-do-psl-na-vaga-de-vice\/","title":{"rendered":"Caruaru: Lessa anuncia Manoel Santos do PSL na vaga de vice"},"content":{"rendered":"<p style=\"text-align: justify;\">Pr\u00e9-candidato a prefeito de Caruaru, o deputado estadual Delegado Lessa (Progressistas) anunciou a chapa completa para a elei\u00e7\u00e3o majorit\u00e1ria, que ocorrer\u00e1 em novembro. Na disputa para o cargo de vice-prefeito, estar\u00e1 o empres\u00e1rio Manoel Santos, que tamb\u00e9m \u00e9 presidente do diret\u00f3rio municipal do PSL. O an\u00fancio foi feito na noite desta segunda-feira (31), em uma live atrav\u00e9s do Facebook, que contou com milhares de curtidas e centenas de compartilhamentos.<\/p>\n<p style=\"text-align: justify;\">Durante a transmiss\u00e3o, aspectos como o fortalecimento da economia e da participa\u00e7\u00e3o foram ressaltados. Lessa destacou que o pr\u00e9-candidato a vice \u00e9 um empres\u00e1rio de grande prest\u00edgio devido \u00e0 sua habilidade de gest\u00e3o. \u201cManoel Santos \u00e9 uma pessoa respeitada e conhecida por todos, tem a mesma garra que eu tenho de ver a cidade prosperar, est\u00e1 disposto a planejar comigo e com todo um grupo que deseja mudan\u00e7a\u201d, avaliou.<\/p>\n<p style=\"text-align: justify;\">O pr\u00e9-candidato a vice-prefeito Manoel Santos demonstrou entusiasmo por participar deste projeto pol\u00edtico. \u201cCaruaru vivenciar\u00e1 uma oportunidade hist\u00f3rica de transforma\u00e7\u00e3o, trazendo novas ideias e pr\u00e1ticas mais eficientes para o servi\u00e7o p\u00fablico municipal\u201d, afirmou, ressaltando a lideran\u00e7a de Lessa neste processo de levar a cidade para um salto de crescimento e gera\u00e7\u00e3o de empregos.<\/p>\n<p style=\"text-align: justify;\">A homologa\u00e7\u00e3o das candidaturas dever\u00e1 ocorrer em setembro, ap\u00f3s as conven\u00e7\u00f5es partid\u00e1rias. Al\u00e9m do Progressistas e do PSL, j\u00e1 comp\u00f5em a os Republicanos e o PROS, defendendo a pauta de renova\u00e7\u00e3o pol\u00edtica nos poderes executivo e legislativo do munic\u00edpio. A perspectiva do grupo \u00e9 consolidar uma nova via pol\u00edtica em Caruaru, que tem sido marcada por uma forte polariza\u00e7\u00e3o ao longo de mais de cinco d\u00e9cadas.<\/p>\n<p style=\"text-align: justify;\">Foto: Viliane Gomes<\/p>\n","protected":false},"excerpt":{"rendered":"<p>Pr\u00e9-candidato a prefeito de Caruaru, o deputado estadual Delegado Lessa (Progressistas) anunciou a chapa completa para a elei\u00e7\u00e3o majorit\u00e1ria, que&hellip;<\/p>\n","protected":false},"author":1,"featured_media":60868,"comment_status":"open","ping_status":"open","sticky":false,"template":"","format":"standard","meta":{"footnotes":""},"categories":[14122],"tags":[2,16881,19401],"class_list":["post-60867","post","type-post","status-publish","format-standard","has-post-thumbnail","hentry","category-politica","tag-blog-do-edvaldo-magalhaes","tag-caruaru-e-regiao","tag-caruaru-lessa-anuncia-manoel-santos-do-psl-na-vaga-de-vice"],"_links":{"self":[{"href":"https:\/\/blogdoedvaldomagalhaes.com.br\/index.php\/wp-json\/wp\/v2\/posts\/60867","targetHints":{"allow":["GET"]}}],"collection":[{"href":"https:\/\/blogdoedvaldomagalhaes.com.br\/index.php\/wp-json\/wp\/v2\/posts"}],"about":[{"href":"https:\/\/blogdoedvaldomagalhaes.com.br\/index.php\/wp-json\/wp\/v2\/types\/post"}],"author":[{"embeddable":true,"href":"https:\/\/blogdoedvaldomagalhaes.com.br\/index.php\/wp-json\/wp\/v2\/users\/1"}],"replies":[{"embeddable":true,"href":"https:\/\/blogdoedvaldomagalhaes.com.br\/index.php\/wp-json\/wp\/v2\/comments?post=60867"}],"version-history":[{"count":1,"href":"https:\/\/blogdoedvaldomagalhaes.com.br\/index.php\/wp-json\/wp\/v2\/posts\/60867\/revisions"}],"predecessor-version":[{"id":60869,"href":"https:\/\/blogdoedvaldomagalhaes.com.br\/index.php\/wp-json\/wp\/v2\/posts\/60867\/revisions\/60869"}],"wp:featuredmedia":[{"embeddable":true,"href":"https:\/\/blogdoedvaldomagalhaes.com.br\/index.php\/wp-json\/wp\/v2\/media\/60868"}],"wp:attachment":[{"href":"https:\/\/blogdoedvaldomagalhaes.com.br\/index.php\/wp-json\/wp\/v2\/media?parent=60867"}],"wp:term":[{"taxonomy":"category","embeddable":true,"href":"https:\/\/blogdoedvaldomagalhaes.com.br\/index.php\/wp-json\/wp\/v2\/categories?post=60867"},{"taxonomy":"post_tag","embeddable":true,"href":"https:\/\/blogdoedvaldomagalhaes.com.br\/index.php\/wp-json\/wp\/v2\/tags?post=60867"}],"curies":[{"name":"wp","href":"https:\/\/api.w.org\/{rel}","templated":true}]}}