{"id":60860,"date":"2020-08-31T19:07:46","date_gmt":"2020-08-31T22:07:46","guid":{"rendered":"https:\/\/blogdoedvaldomagalhaes.com.br\/?p=60860"},"modified":"2020-08-31T19:07:51","modified_gmt":"2020-08-31T22:07:51","slug":"governo-pe-autoriza-retomada-gradual-das-aulas-presenciais-no-ensino-superior","status":"publish","type":"post","link":"https:\/\/blogdoedvaldomagalhaes.com.br\/index.php\/2020\/08\/31\/governo-pe-autoriza-retomada-gradual-das-aulas-presenciais-no-ensino-superior\/","title":{"rendered":"Governo-PE autoriza retomada gradual das aulas presenciais no ensino superior"},"content":{"rendered":"<p style=\"text-align: justify;\">Nesta segunda-feira (31), o Governo de Pernambuco anunciou a autoriza\u00e7\u00e3o para o in\u00edcio do processo de retomada das aulas presenciais do ensino superior, incluindo as datas para cada respectiva etapa. A permiss\u00e3o contempla as macrorregi\u00f5es 1, 2 e 4, valendo para esta \u00faltima apenas a 8\u00aa Ger\u00eancia Regional de Sa\u00fade (Geres), sediada em Petrolina. Al\u00e9m disso, o decreto de suspens\u00e3o das aulas da educa\u00e7\u00e3o b\u00e1sica foi prorrogado at\u00e9 o dia 15 de setembro.<br \/>\n\u2800\u2800\u2800<br \/>\nA retomada acontecer\u00e1 de forma escalonada, com a primeira etapa prevista para o dia 8 de setembro, quando as institui\u00e7\u00f5es de ensino s\u00f3 poder\u00e3o receber at\u00e9 25% da sua capacidade, dando prioridade aos concluintes. No dia 14 de setembro, 50% dos estudantes poder\u00e3o voltar; no dia 21, 75%; at\u00e9 chegar em 100% em 28\/09. Todas as institui\u00e7\u00f5es dever\u00e3o seguir rigorosamente os novos protocolos de seguran\u00e7a, respeitando orienta\u00e7\u00f5es sobre distanciamento social, medidas de prote\u00e7\u00e3o e preven\u00e7\u00e3o, bem como de monitoramento e orienta\u00e7\u00e3o. Uma nova vers\u00e3o do protocolo setorial ser\u00e1 publicada at\u00e9 o final da pr\u00f3xima semana.<br \/>\n\u2800\u2800\u2800<br \/>\nVale destacar que s\u00e3o as institui\u00e7\u00f5es e os estudantes que decidir\u00e3o sobre o in\u00edcio do processo de retomada das aulas presenciais, desde que observem as regras estabelecidas pelo Governo do Estado. Ser\u00e1 poss\u00edvel continuar mantendo as aulas \u00e0 dist\u00e2ncia ou at\u00e9 ofertar um ensino h\u00edbrido, combinando as atividades presenciais e n\u00e3o presenciais.<\/p>\n","protected":false},"excerpt":{"rendered":"<p>Nesta segunda-feira (31), o Governo de Pernambuco anunciou a autoriza\u00e7\u00e3o para o in\u00edcio do processo de retomada das aulas presenciais&hellip;<\/p>\n","protected":false},"author":1,"featured_media":60861,"comment_status":"open","ping_status":"open","sticky":false,"template":"","format":"standard","meta":{"footnotes":""},"categories":[14120],"tags":[19398,19397],"class_list":["post-60860","post","type-post","status-publish","format-standard","has-post-thumbnail","hentry","category-noticias","tag-faculdade","tag-governo-pe-autoriza-retomada-gradual-das-aulas-presenciais-no-ensino-superior"],"_links":{"self":[{"href":"https:\/\/blogdoedvaldomagalhaes.com.br\/index.php\/wp-json\/wp\/v2\/posts\/60860","targetHints":{"allow":["GET"]}}],"collection":[{"href":"https:\/\/blogdoedvaldomagalhaes.com.br\/index.php\/wp-json\/wp\/v2\/posts"}],"about":[{"href":"https:\/\/blogdoedvaldomagalhaes.com.br\/index.php\/wp-json\/wp\/v2\/types\/post"}],"author":[{"embeddable":true,"href":"https:\/\/blogdoedvaldomagalhaes.com.br\/index.php\/wp-json\/wp\/v2\/users\/1"}],"replies":[{"embeddable":true,"href":"https:\/\/blogdoedvaldomagalhaes.com.br\/index.php\/wp-json\/wp\/v2\/comments?post=60860"}],"version-history":[{"count":1,"href":"https:\/\/blogdoedvaldomagalhaes.com.br\/index.php\/wp-json\/wp\/v2\/posts\/60860\/revisions"}],"predecessor-version":[{"id":60862,"href":"https:\/\/blogdoedvaldomagalhaes.com.br\/index.php\/wp-json\/wp\/v2\/posts\/60860\/revisions\/60862"}],"wp:featuredmedia":[{"embeddable":true,"href":"https:\/\/blogdoedvaldomagalhaes.com.br\/index.php\/wp-json\/wp\/v2\/media\/60861"}],"wp:attachment":[{"href":"https:\/\/blogdoedvaldomagalhaes.com.br\/index.php\/wp-json\/wp\/v2\/media?parent=60860"}],"wp:term":[{"taxonomy":"category","embeddable":true,"href":"https:\/\/blogdoedvaldomagalhaes.com.br\/index.php\/wp-json\/wp\/v2\/categories?post=60860"},{"taxonomy":"post_tag","embeddable":true,"href":"https:\/\/blogdoedvaldomagalhaes.com.br\/index.php\/wp-json\/wp\/v2\/tags?post=60860"}],"curies":[{"name":"wp","href":"https:\/\/api.w.org\/{rel}","templated":true}]}}