{"id":60856,"date":"2020-08-31T18:50:36","date_gmt":"2020-08-31T21:50:36","guid":{"rendered":"https:\/\/blogdoedvaldomagalhaes.com.br\/?p=60856"},"modified":"2020-08-31T18:50:42","modified_gmt":"2020-08-31T21:50:42","slug":"operacao-sulanca-da-prf-recolhe-37-veiculos-irregulares-no-agreste-de-pernambuco","status":"publish","type":"post","link":"https:\/\/blogdoedvaldomagalhaes.com.br\/index.php\/2020\/08\/31\/operacao-sulanca-da-prf-recolhe-37-veiculos-irregulares-no-agreste-de-pernambuco\/","title":{"rendered":"Opera\u00e7\u00e3o Sulanca da PRF recolhe 37 ve\u00edculos irregulares no Agreste de Pernambuco"},"content":{"rendered":"<p style=\"text-align: justify;\">Uma fiscaliza\u00e7\u00e3o realizada entre s\u00e1bado (29) e esta segunda-feira (31), em Caruaru, Toritama, Santa Cruz do Capibaribe e Agrestina, no Agreste de Pernambuco, resultou no recolhimento de 37 ve\u00edculos irregulares. As a\u00e7\u00f5es fizeram parte da Opera\u00e7\u00e3o Sulanca da Pol\u00edcia Rodovi\u00e1ria Federal (PRF), que teve como objetivo refor\u00e7ar a seguran\u00e7a vi\u00e1ria e combater o crime na regi\u00e3o.<\/p>\n<p style=\"text-align: justify;\">Foram fiscalizados 336 ve\u00edculos e 318 pessoas, sendo emitidas 385 autua\u00e7\u00f5es por diversas irregularidades. Entre as principais infra\u00e7\u00f5es, destacam-se a falta do capacete, o n\u00e3o uso do cinto de seguran\u00e7a, as ultrapassagens em local proibido e a aus\u00eancia da cadeirinha para as crian\u00e7as.<\/p>\n<p style=\"text-align: justify;\">A maioria dos ve\u00edculos recolhidos era motocicletas, com licenciamento atrasado, em mau estado de conserva\u00e7\u00e3o ou com o condutor sem a Carteira Nacional de Habilita\u00e7\u00e3o (CNH).<\/p>\n\n\n<figure class=\"wp-block-image size-large\"><img loading=\"lazy\" decoding=\"async\" width=\"1024\" height=\"498\" src=\"https:\/\/blogdoedvaldomagalhaes.com.br\/wp-content\/uploads\/2020\/08\/IMG-20200831-WA0139-1024x498.jpg\" alt=\"\" class=\"wp-image-60858\" srcset=\"https:\/\/blogdoedvaldomagalhaes.com.br\/wp-content\/uploads\/2020\/08\/IMG-20200831-WA0139-1024x498.jpg 1024w, https:\/\/blogdoedvaldomagalhaes.com.br\/wp-content\/uploads\/2020\/08\/IMG-20200831-WA0139-300x146.jpg 300w, https:\/\/blogdoedvaldomagalhaes.com.br\/wp-content\/uploads\/2020\/08\/IMG-20200831-WA0139-768x373.jpg 768w, https:\/\/blogdoedvaldomagalhaes.com.br\/wp-content\/uploads\/2020\/08\/IMG-20200831-WA0139.jpg 1152w\" sizes=\"auto, (max-width: 1024px) 100vw, 1024px\" \/><figcaption>Fotos: PRF\/Divulga\u00e7\u00e3o<\/figcaption><\/figure>\n","protected":false},"excerpt":{"rendered":"<p>Uma fiscaliza\u00e7\u00e3o realizada entre s\u00e1bado (29) e esta segunda-feira (31), em Caruaru, Toritama, Santa Cruz do Capibaribe e Agrestina, no&hellip;<\/p>\n","protected":false},"author":1,"featured_media":60857,"comment_status":"open","ping_status":"open","sticky":false,"template":"","format":"standard","meta":{"footnotes":""},"categories":[14121],"tags":[2,19396,2278],"class_list":["post-60856","post","type-post","status-publish","format-standard","has-post-thumbnail","hentry","category-policial","tag-blog-do-edvaldo-magalhaes","tag-operacao-sulanca-da-prf-recolhe-37-veiculos-irregulares-no-agreste-de-pernambuco","tag-policia-rodoviaria-federal"],"_links":{"self":[{"href":"https:\/\/blogdoedvaldomagalhaes.com.br\/index.php\/wp-json\/wp\/v2\/posts\/60856","targetHints":{"allow":["GET"]}}],"collection":[{"href":"https:\/\/blogdoedvaldomagalhaes.com.br\/index.php\/wp-json\/wp\/v2\/posts"}],"about":[{"href":"https:\/\/blogdoedvaldomagalhaes.com.br\/index.php\/wp-json\/wp\/v2\/types\/post"}],"author":[{"embeddable":true,"href":"https:\/\/blogdoedvaldomagalhaes.com.br\/index.php\/wp-json\/wp\/v2\/users\/1"}],"replies":[{"embeddable":true,"href":"https:\/\/blogdoedvaldomagalhaes.com.br\/index.php\/wp-json\/wp\/v2\/comments?post=60856"}],"version-history":[{"count":1,"href":"https:\/\/blogdoedvaldomagalhaes.com.br\/index.php\/wp-json\/wp\/v2\/posts\/60856\/revisions"}],"predecessor-version":[{"id":60859,"href":"https:\/\/blogdoedvaldomagalhaes.com.br\/index.php\/wp-json\/wp\/v2\/posts\/60856\/revisions\/60859"}],"wp:featuredmedia":[{"embeddable":true,"href":"https:\/\/blogdoedvaldomagalhaes.com.br\/index.php\/wp-json\/wp\/v2\/media\/60857"}],"wp:attachment":[{"href":"https:\/\/blogdoedvaldomagalhaes.com.br\/index.php\/wp-json\/wp\/v2\/media?parent=60856"}],"wp:term":[{"taxonomy":"category","embeddable":true,"href":"https:\/\/blogdoedvaldomagalhaes.com.br\/index.php\/wp-json\/wp\/v2\/categories?post=60856"},{"taxonomy":"post_tag","embeddable":true,"href":"https:\/\/blogdoedvaldomagalhaes.com.br\/index.php\/wp-json\/wp\/v2\/tags?post=60856"}],"curies":[{"name":"wp","href":"https:\/\/api.w.org\/{rel}","templated":true}]}}