{"id":60813,"date":"2020-08-30T14:43:58","date_gmt":"2020-08-30T17:43:58","guid":{"rendered":"https:\/\/blogdoedvaldomagalhaes.com.br\/?p=60813"},"modified":"2020-08-30T14:53:12","modified_gmt":"2020-08-30T17:53:12","slug":"cantor-bell-marques-em-cadeira-de-rodas-apos-sofrer-acidente-jogando-tenis-passara-por-cirugia","status":"publish","type":"post","link":"https:\/\/blogdoedvaldomagalhaes.com.br\/index.php\/2020\/08\/30\/cantor-bell-marques-em-cadeira-de-rodas-apos-sofrer-acidente-jogando-tenis-passara-por-cirugia\/","title":{"rendered":"Cantor Bell Marques em cadeira de rodas ap\u00f3s sofrer acidente jogando t\u00eanis passar\u00e1 por cirugia"},"content":{"rendered":"<p style=\"text-align: justify;\">O cantor baiano Bell Marques, publicou uma foto em seu Instagram, deixando os f\u00e3s assustados. Ele surgiu sentado em uma cadeira de rodas, com a perna engessada. <span style=\"font-size: inherit;\">\u201cEle teve o rompimento do Tend\u00e3o de Aquiles jogando t\u00eanis. Vai ficar de repouso, depois volta no m\u00e9dico para fazer uma cirurgia. Ter\u00e1 que reconstruir o tend\u00e3o. Uma pena. Tivemos que adiar uma live que far\u00edamos no fim do m\u00eas, mas ele est\u00e1 bem. \u00c9 apenas uma regi\u00e3o delicada e logo ele estar\u00e1 de volta\u201d, informou a assessoria de imprensa do cantor.<\/span><\/p>\n<p style=\"text-align: justify;\">\u201cApesar de eu ter ensaiado muito, estar sempre em casa, fugindo da Covid-19, como todo mundo, mas dessa vez fui jogar t\u00eanis e, cara, me machuquei. Olha s\u00f3, perna no gesso. Mas enquanto isso eu aproveito, fa\u00e7o uma can\u00e7\u00e3o e outra\u201d, afirmou Bell.<\/p>\n","protected":false},"excerpt":{"rendered":"<p>O cantor baiano Bell Marques, publicou uma foto em seu Instagram, deixando os f\u00e3s assustados. Ele surgiu sentado em uma&hellip;<\/p>\n","protected":false},"author":1,"featured_media":60814,"comment_status":"open","ping_status":"open","sticky":false,"template":"","format":"standard","meta":{"footnotes":""},"categories":[14120],"tags":[19382,2,19381],"class_list":["post-60813","post","type-post","status-publish","format-standard","has-post-thumbnail","hentry","category-noticias","tag-axe","tag-blog-do-edvaldo-magalhaes","tag-cantor-bell-marques-em-cadeira-de-rodas-apos-sofrer-acidente-jogando-tenis-passara-por-cirugia"],"_links":{"self":[{"href":"https:\/\/blogdoedvaldomagalhaes.com.br\/index.php\/wp-json\/wp\/v2\/posts\/60813","targetHints":{"allow":["GET"]}}],"collection":[{"href":"https:\/\/blogdoedvaldomagalhaes.com.br\/index.php\/wp-json\/wp\/v2\/posts"}],"about":[{"href":"https:\/\/blogdoedvaldomagalhaes.com.br\/index.php\/wp-json\/wp\/v2\/types\/post"}],"author":[{"embeddable":true,"href":"https:\/\/blogdoedvaldomagalhaes.com.br\/index.php\/wp-json\/wp\/v2\/users\/1"}],"replies":[{"embeddable":true,"href":"https:\/\/blogdoedvaldomagalhaes.com.br\/index.php\/wp-json\/wp\/v2\/comments?post=60813"}],"version-history":[{"count":3,"href":"https:\/\/blogdoedvaldomagalhaes.com.br\/index.php\/wp-json\/wp\/v2\/posts\/60813\/revisions"}],"predecessor-version":[{"id":60817,"href":"https:\/\/blogdoedvaldomagalhaes.com.br\/index.php\/wp-json\/wp\/v2\/posts\/60813\/revisions\/60817"}],"wp:featuredmedia":[{"embeddable":true,"href":"https:\/\/blogdoedvaldomagalhaes.com.br\/index.php\/wp-json\/wp\/v2\/media\/60814"}],"wp:attachment":[{"href":"https:\/\/blogdoedvaldomagalhaes.com.br\/index.php\/wp-json\/wp\/v2\/media?parent=60813"}],"wp:term":[{"taxonomy":"category","embeddable":true,"href":"https:\/\/blogdoedvaldomagalhaes.com.br\/index.php\/wp-json\/wp\/v2\/categories?post=60813"},{"taxonomy":"post_tag","embeddable":true,"href":"https:\/\/blogdoedvaldomagalhaes.com.br\/index.php\/wp-json\/wp\/v2\/tags?post=60813"}],"curies":[{"name":"wp","href":"https:\/\/api.w.org\/{rel}","templated":true}]}}