{"id":60809,"date":"2020-08-30T10:12:54","date_gmt":"2020-08-30T13:12:54","guid":{"rendered":"https:\/\/blogdoedvaldomagalhaes.com.br\/?p=60809"},"modified":"2020-08-30T18:41:15","modified_gmt":"2020-08-30T21:41:15","slug":"pef-apreende-canarios-da-terra-dentro-de-porta-malas-em-gravata-passaros-adquiridos-em-caruaru","status":"publish","type":"post","link":"https:\/\/blogdoedvaldomagalhaes.com.br\/index.php\/2020\/08\/30\/pef-apreende-canarios-da-terra-dentro-de-porta-malas-em-gravata-passaros-adquiridos-em-caruaru\/","title":{"rendered":"PRF apreende can\u00e1rios-da-terra dentro de porta-malas em Gravat\u00e1; P\u00e1ssaros adquiridos em Caruaru"},"content":{"rendered":"<p style=\"text-align: justify;\"><span style=\"font-size: inherit;\">Uma fiscaliza\u00e7\u00e3o realizada no s\u00e1bado (29) apreendeu 22 can\u00e1rios-da-terra dentro do porta-malas de um carro, na BR 232, em Gravat\u00e1, no Agreste. Um homem de 35 anos que realizava o transporte dos p\u00e1ssaros foi flagrado pela Pol\u00edcia Rodovi\u00e1ria Federal (PRF).<\/span><\/p>\n<p style=\"text-align: justify;\">Policiais do Setor de Opera\u00e7\u00f5es Especializadas da PRF realizavam uma blitz no Km 71 da rodovia, quando abordaram um carro com placas de Abreu e Lima, no Grande Recife. Ao verificar o compartimento de bagagens do ve\u00edculo, foram encontradas 17 gaiolas pequenas e duas grandes, sendo uma delas utilizada para transportar as aves.<\/p>\n<p style=\"text-align: justify;\">O motorista informou que os p\u00e1ssaros haviam sido adquiridos em Caruaru e seriam revendidos no bairro do Cordeiro, na Zona Oeste do Recife. Foi lavrado um Termo Circunstanciado de Ocorr\u00eancia (TCO) para o homem e os p\u00e1ssaros foram encaminhados ao Centro de Triagem de Animais Silvestres (Cetas Tangara), no bairro da Guabiraba, na Zona Norte da capital.<\/p>\n\n\n<figure class=\"wp-block-image size-large\"><img loading=\"lazy\" decoding=\"async\" width=\"1024\" height=\"576\" src=\"https:\/\/blogdoedvaldomagalhaes.com.br\/wp-content\/uploads\/2020\/08\/IMG-20200830-WA0031-1024x576.jpg\" alt=\"\" class=\"wp-image-60811\" srcset=\"https:\/\/blogdoedvaldomagalhaes.com.br\/wp-content\/uploads\/2020\/08\/IMG-20200830-WA0031-1024x576.jpg 1024w, https:\/\/blogdoedvaldomagalhaes.com.br\/wp-content\/uploads\/2020\/08\/IMG-20200830-WA0031-300x169.jpg 300w, https:\/\/blogdoedvaldomagalhaes.com.br\/wp-content\/uploads\/2020\/08\/IMG-20200830-WA0031-768x432.jpg 768w, https:\/\/blogdoedvaldomagalhaes.com.br\/wp-content\/uploads\/2020\/08\/IMG-20200830-WA0031-1140x641.jpg 1140w, https:\/\/blogdoedvaldomagalhaes.com.br\/wp-content\/uploads\/2020\/08\/IMG-20200830-WA0031-720x405.jpg 720w, https:\/\/blogdoedvaldomagalhaes.com.br\/wp-content\/uploads\/2020\/08\/IMG-20200830-WA0031.jpg 1152w\" sizes=\"auto, (max-width: 1024px) 100vw, 1024px\" \/><figcaption>Fotos: PRF\/Divulga\u00e7\u00e3o<\/figcaption><\/figure>\n","protected":false},"excerpt":{"rendered":"<p>Uma fiscaliza\u00e7\u00e3o realizada no s\u00e1bado (29) apreendeu 22 can\u00e1rios-da-terra dentro do porta-malas de um carro, na BR 232, em Gravat\u00e1,&hellip;<\/p>\n","protected":false},"author":1,"featured_media":60810,"comment_status":"open","ping_status":"open","sticky":false,"template":"","format":"standard","meta":{"footnotes":""},"categories":[14121],"tags":[2,18654,16881,19379],"class_list":["post-60809","post","type-post","status-publish","format-standard","has-post-thumbnail","hentry","category-policial","tag-blog-do-edvaldo-magalhaes","tag-br-232-2","tag-caruaru-e-regiao","tag-pef-apreende-canarios-da-terra-dentro-de-porta-malas-em-gravata-passaros-adquiridos-em-caruaru"],"_links":{"self":[{"href":"https:\/\/blogdoedvaldomagalhaes.com.br\/index.php\/wp-json\/wp\/v2\/posts\/60809","targetHints":{"allow":["GET"]}}],"collection":[{"href":"https:\/\/blogdoedvaldomagalhaes.com.br\/index.php\/wp-json\/wp\/v2\/posts"}],"about":[{"href":"https:\/\/blogdoedvaldomagalhaes.com.br\/index.php\/wp-json\/wp\/v2\/types\/post"}],"author":[{"embeddable":true,"href":"https:\/\/blogdoedvaldomagalhaes.com.br\/index.php\/wp-json\/wp\/v2\/users\/1"}],"replies":[{"embeddable":true,"href":"https:\/\/blogdoedvaldomagalhaes.com.br\/index.php\/wp-json\/wp\/v2\/comments?post=60809"}],"version-history":[{"count":2,"href":"https:\/\/blogdoedvaldomagalhaes.com.br\/index.php\/wp-json\/wp\/v2\/posts\/60809\/revisions"}],"predecessor-version":[{"id":60824,"href":"https:\/\/blogdoedvaldomagalhaes.com.br\/index.php\/wp-json\/wp\/v2\/posts\/60809\/revisions\/60824"}],"wp:featuredmedia":[{"embeddable":true,"href":"https:\/\/blogdoedvaldomagalhaes.com.br\/index.php\/wp-json\/wp\/v2\/media\/60810"}],"wp:attachment":[{"href":"https:\/\/blogdoedvaldomagalhaes.com.br\/index.php\/wp-json\/wp\/v2\/media?parent=60809"}],"wp:term":[{"taxonomy":"category","embeddable":true,"href":"https:\/\/blogdoedvaldomagalhaes.com.br\/index.php\/wp-json\/wp\/v2\/categories?post=60809"},{"taxonomy":"post_tag","embeddable":true,"href":"https:\/\/blogdoedvaldomagalhaes.com.br\/index.php\/wp-json\/wp\/v2\/tags?post=60809"}],"curies":[{"name":"wp","href":"https:\/\/api.w.org\/{rel}","templated":true}]}}