{"id":60806,"date":"2020-08-29T21:17:12","date_gmt":"2020-08-30T00:17:12","guid":{"rendered":"https:\/\/blogdoedvaldomagalhaes.com.br\/?p=60806"},"modified":"2020-08-29T21:17:50","modified_gmt":"2020-08-30T00:17:50","slug":"brasil-tem-mais-de-3-milhoes-de-pacientes-recuperados-da-covid-19","status":"publish","type":"post","link":"https:\/\/blogdoedvaldomagalhaes.com.br\/index.php\/2020\/08\/29\/brasil-tem-mais-de-3-milhoes-de-pacientes-recuperados-da-covid-19\/","title":{"rendered":"Brasil tem mais de 3 milh\u00f5es de pacientes recuperados da Covid-19"},"content":{"rendered":"<p style=\"text-align: justify;\">O Brasil passou da marca de 3 milh\u00f5es de recuperados da Covid-19. Em todo o pa\u00eds, s\u00e3o 3.006.812 pessoas curadas da doen\u00e7a. No mundo, estima-se que pelo menos 13 milh\u00f5es de pessoas diagnosticadas com Covid-19 j\u00e1 se recuperaram. O n\u00famero de pessoas curadas no Brasil \u00e9 superior \u00e0 quantidade de casos ativos (719.079), que s\u00e3o os pacientes em acompanhamento m\u00e9dico. O registro de pessoas curadas j\u00e1 representa mais da metade do total de casos acumulados (78,2%). As informa\u00e7\u00f5es foram atualizadas \u00e0s 18h30 e foram enviadas pelas Secretarias Estaduais e Municipais de Sa\u00fade.<\/p>\n<p style=\"text-align: justify;\">A doen\u00e7a est\u00e1 presente em 99,1% dos munic\u00edpios brasileiros. Contudo, mais da metade das cidades (3.780) possuem entre 2 e 100 casos. Em rela\u00e7\u00e3o aos \u00f3bitos, 4.052 munic\u00edpios tiveram registros (72,7%), sendo que 854 deles apresentaram apenas um \u00f3bito confirmado.<\/p>\n<p style=\"text-align: justify;\">Neste momento, o Brasil tem 3.846.153 casos confirmados da doen\u00e7a, sendo 41.350 registrados nos sistemas nacionais nas \u00faltimas 24h.<\/p>\n<p style=\"text-align: justify;\">Em rela\u00e7\u00e3o aos \u00f3bitos, o Brasil possui 120.262 mortes por coronav\u00edrus. Nas \u00faltimas 24h, foram registradas 758 mortes nos sistemas oficiais, a maior parte aconteceu em outros per\u00edodos, mas tiveram conclus\u00e3o das investiga\u00e7\u00f5es com confirma\u00e7\u00f5es das causas por Covid-19 apenas neste per\u00edodo. Assim, 262 \u00f3bitos, de fato, ocorreram nos \u00faltimos tr\u00eas dias. Outros 2.662 seguem em investiga\u00e7\u00e3o.<\/p>\n<p>Foto: Portal dos Hospitais.<\/p>\n","protected":false},"excerpt":{"rendered":"<p>O Brasil passou da marca de 3 milh\u00f5es de recuperados da Covid-19. Em todo o pa\u00eds, s\u00e3o 3.006.812 pessoas curadas&hellip;<\/p>\n","protected":false},"author":1,"featured_media":60807,"comment_status":"open","ping_status":"open","sticky":false,"template":"","format":"standard","meta":{"footnotes":""},"categories":[14120],"tags":[2,19378,17948],"class_list":["post-60806","post","type-post","status-publish","format-standard","has-post-thumbnail","hentry","category-noticias","tag-blog-do-edvaldo-magalhaes","tag-brasil-tem-mais-de-3-milhoes-de-pacientes-recuperados-da-covid-19","tag-coronavirus-2"],"_links":{"self":[{"href":"https:\/\/blogdoedvaldomagalhaes.com.br\/index.php\/wp-json\/wp\/v2\/posts\/60806","targetHints":{"allow":["GET"]}}],"collection":[{"href":"https:\/\/blogdoedvaldomagalhaes.com.br\/index.php\/wp-json\/wp\/v2\/posts"}],"about":[{"href":"https:\/\/blogdoedvaldomagalhaes.com.br\/index.php\/wp-json\/wp\/v2\/types\/post"}],"author":[{"embeddable":true,"href":"https:\/\/blogdoedvaldomagalhaes.com.br\/index.php\/wp-json\/wp\/v2\/users\/1"}],"replies":[{"embeddable":true,"href":"https:\/\/blogdoedvaldomagalhaes.com.br\/index.php\/wp-json\/wp\/v2\/comments?post=60806"}],"version-history":[{"count":1,"href":"https:\/\/blogdoedvaldomagalhaes.com.br\/index.php\/wp-json\/wp\/v2\/posts\/60806\/revisions"}],"predecessor-version":[{"id":60808,"href":"https:\/\/blogdoedvaldomagalhaes.com.br\/index.php\/wp-json\/wp\/v2\/posts\/60806\/revisions\/60808"}],"wp:featuredmedia":[{"embeddable":true,"href":"https:\/\/blogdoedvaldomagalhaes.com.br\/index.php\/wp-json\/wp\/v2\/media\/60807"}],"wp:attachment":[{"href":"https:\/\/blogdoedvaldomagalhaes.com.br\/index.php\/wp-json\/wp\/v2\/media?parent=60806"}],"wp:term":[{"taxonomy":"category","embeddable":true,"href":"https:\/\/blogdoedvaldomagalhaes.com.br\/index.php\/wp-json\/wp\/v2\/categories?post=60806"},{"taxonomy":"post_tag","embeddable":true,"href":"https:\/\/blogdoedvaldomagalhaes.com.br\/index.php\/wp-json\/wp\/v2\/tags?post=60806"}],"curies":[{"name":"wp","href":"https:\/\/api.w.org\/{rel}","templated":true}]}}