{"id":60800,"date":"2020-08-29T19:48:41","date_gmt":"2020-08-29T22:48:41","guid":{"rendered":"https:\/\/blogdoedvaldomagalhaes.com.br\/?p=60800"},"modified":"2020-08-29T19:50:54","modified_gmt":"2020-08-29T22:50:54","slug":"secretaria-de-saude-pe-confirma-mais-1-005-casos-de-covid-19-e-a-maioria-deles-925-e-leve","status":"publish","type":"post","link":"https:\/\/blogdoedvaldomagalhaes.com.br\/index.php\/2020\/08\/29\/secretaria-de-saude-pe-confirma-mais-1-005-casos-de-covid-19-e-a-maioria-deles-925-e-leve\/","title":{"rendered":"Secretaria de Sa\u00fade-PE confirma mais 1.005 casos de Covid-19 e a maioria deles (92,5%) \u00e9 leve"},"content":{"rendered":"<p style=\"text-align: justify;\"><span style=\"font-size: inherit;\">Neste s\u00e1bado (29), a Secretaria Estadual de Sa\u00fade (SES) confirmou 1.005 casos de Covid-19. A maioria deles (92,5%) \u00e9 leve, ou seja, n\u00e3o demandou internamento hospitalar. Pernambuco tem, agora, 124.151 registros confirmados da doen\u00e7a, sendo que 105.381 desses s\u00e3o de pessoas j\u00e1 curadas.<\/span><\/p>\n<p style=\"text-align: justify;\">O boletim da SES tamb\u00e9m aponta 35 novos \u00f3bitos, ocorridos entre 5 de maio e 28 de agosto. Das mortes contabilizadas hoje, 10 (28,5%) aconteceram nos \u00faltimos tr\u00eas dias: tr\u00eas ontem (sexta, 28\/08), tr\u00eas no dia 27\/08 e quatro em 26\/08. Com isso, passou para 7.547 o n\u00famero de \u00f3bitos causados pela Covid-19 em Pernambuco.<\/p>\n<p style=\"text-align: justify;\">ATENDE EM CASA: Est\u00e1 com sintomas gripais? O Atende em Casa faz marca\u00e7\u00e3o de testes para quem tiver sintomas da doen\u00e7a nos 143 munic\u00edpios cadastrados (consulte aqui: portal.saude.pe.gov.br). Voc\u00ea pode acessar www.atendeemcasa.pe.gov.br ou baixar o app em celulares com sistema Android. Atualmente, 178 munic\u00edpios est\u00e3o cobertos pelo programa.<\/p>\n<p><strong>Foto: Miva Filho\/SES-PE.<\/strong><\/p>\n\n\n<figure class=\"wp-block-image size-large\"><img loading=\"lazy\" decoding=\"async\" width=\"1024\" height=\"819\" src=\"https:\/\/blogdoedvaldomagalhaes.com.br\/wp-content\/uploads\/2020\/08\/FB_IMG_1598741329991-1024x819.jpg\" alt=\"\" class=\"wp-image-60803\" srcset=\"https:\/\/blogdoedvaldomagalhaes.com.br\/wp-content\/uploads\/2020\/08\/FB_IMG_1598741329991-1024x819.jpg 1024w, https:\/\/blogdoedvaldomagalhaes.com.br\/wp-content\/uploads\/2020\/08\/FB_IMG_1598741329991-300x240.jpg 300w, https:\/\/blogdoedvaldomagalhaes.com.br\/wp-content\/uploads\/2020\/08\/FB_IMG_1598741329991-768x614.jpg 768w, https:\/\/blogdoedvaldomagalhaes.com.br\/wp-content\/uploads\/2020\/08\/FB_IMG_1598741329991.jpg 1080w\" sizes=\"auto, (max-width: 1024px) 100vw, 1024px\" \/><\/figure>\n","protected":false},"excerpt":{"rendered":"<p>Neste s\u00e1bado (29), a Secretaria Estadual de Sa\u00fade (SES) confirmou 1.005 casos de Covid-19. A maioria deles (92,5%) \u00e9 leve,&hellip;<\/p>\n","protected":false},"author":1,"featured_media":60801,"comment_status":"open","ping_status":"open","sticky":false,"template":"","format":"standard","meta":{"footnotes":""},"categories":[14120],"tags":[19377,2,17948,19376],"class_list":["post-60800","post","type-post","status-publish","format-standard","has-post-thumbnail","hentry","category-noticias","tag-5-e-leve","tag-blog-do-edvaldo-magalhaes","tag-coronavirus-2","tag-secretaria-de-saude-pe-confirma-mais-1-005-casos-de-covid-19-e-a-maioria-deles-92"],"_links":{"self":[{"href":"https:\/\/blogdoedvaldomagalhaes.com.br\/index.php\/wp-json\/wp\/v2\/posts\/60800","targetHints":{"allow":["GET"]}}],"collection":[{"href":"https:\/\/blogdoedvaldomagalhaes.com.br\/index.php\/wp-json\/wp\/v2\/posts"}],"about":[{"href":"https:\/\/blogdoedvaldomagalhaes.com.br\/index.php\/wp-json\/wp\/v2\/types\/post"}],"author":[{"embeddable":true,"href":"https:\/\/blogdoedvaldomagalhaes.com.br\/index.php\/wp-json\/wp\/v2\/users\/1"}],"replies":[{"embeddable":true,"href":"https:\/\/blogdoedvaldomagalhaes.com.br\/index.php\/wp-json\/wp\/v2\/comments?post=60800"}],"version-history":[{"count":3,"href":"https:\/\/blogdoedvaldomagalhaes.com.br\/index.php\/wp-json\/wp\/v2\/posts\/60800\/revisions"}],"predecessor-version":[{"id":60805,"href":"https:\/\/blogdoedvaldomagalhaes.com.br\/index.php\/wp-json\/wp\/v2\/posts\/60800\/revisions\/60805"}],"wp:featuredmedia":[{"embeddable":true,"href":"https:\/\/blogdoedvaldomagalhaes.com.br\/index.php\/wp-json\/wp\/v2\/media\/60801"}],"wp:attachment":[{"href":"https:\/\/blogdoedvaldomagalhaes.com.br\/index.php\/wp-json\/wp\/v2\/media?parent=60800"}],"wp:term":[{"taxonomy":"category","embeddable":true,"href":"https:\/\/blogdoedvaldomagalhaes.com.br\/index.php\/wp-json\/wp\/v2\/categories?post=60800"},{"taxonomy":"post_tag","embeddable":true,"href":"https:\/\/blogdoedvaldomagalhaes.com.br\/index.php\/wp-json\/wp\/v2\/tags?post=60800"}],"curies":[{"name":"wp","href":"https:\/\/api.w.org\/{rel}","templated":true}]}}