{"id":608,"date":"2018-11-26T21:46:00","date_gmt":"2018-11-26T23:46:00","guid":{"rendered":"http:\/\/blogdoedvaldomagalhaes.com.br\/index.php\/2018\/11\/26\/central-define-local-e-data-da-pre\/"},"modified":"2019-02-09T02:43:00","modified_gmt":"2019-02-09T04:43:00","slug":"central-define-local-e-data-da-pre","status":"publish","type":"post","link":"https:\/\/blogdoedvaldomagalhaes.com.br\/index.php\/2018\/11\/26\/central-define-local-e-data-da-pre\/","title":{"rendered":"Central define local e data da pr\u00e9-temporada visando 2019"},"content":{"rendered":"<div class=\"separator\" style=\"clear: both; text-align: center;\">\n<a href=\"https:\/\/4.bp.blogspot.com\/-lXwJjbbLBtE\/W_xokyHEHjI\/AAAAAAAA-ZU\/vTp-EBBXCwEfEqgbnT0DLJEKJYn0TNy4wCLcBGAs\/s1600\/essa.jpg\" imageanchor=\"1\" style=\"margin-left: 1em; margin-right: 1em;\"><img loading=\"lazy\" decoding=\"async\" border=\"0\" data-original-height=\"960\" data-original-width=\"960\" height=\"640\" src=\"http:\/\/blogdoedvaldomagalhaes.com.br\/wp-content\/uploads\/2018\/11\/essa.jpg\" width=\"640\" \/><\/a><\/div>\n<div class=\"separator\" style=\"clear: both; text-align: center;\">\nFoto: Central Sport Club\/Divulga\u00e7\u00e3o<\/div>\n<div style=\"text-align: justify;\">\n<\/div>\n<div style=\"text-align: justify;\">\nVisando a temporada 2019, onde o Central vai disputar o Campeonato Pernambucano, Copa do Brasil e Campeonato Brasileiro da S\u00e9rie D, a nossa Pr\u00e9-Temporada vai come\u00e7ar no pr\u00f3ximo dia 12 de dezembro, uma quarta-feira, \u00e0s 9h.<\/div>\n<div style=\"text-align: justify;\">\n<\/div>\n<div style=\"text-align: justify;\">\nA primeira semana de treinamento ser\u00e1 destinada aos exames m\u00e9dicos e prepara\u00e7\u00e3o f\u00edsica, ao comando dos preparadores Odair Mourato e Biriba.<\/div>\n<div style=\"text-align: justify;\">\n<\/div>\n<div style=\"text-align: justify;\">\n<\/div>\n<div style=\"text-align: justify;\">\nCom o gramado passa por uma manuten\u00e7\u00e3o, o CT Ninho do Gavi\u00e3o, que pertence ao Porto, ser\u00e1 utilizado para treinos com bola no decorrer da Pr\u00e9-Temporada.<\/div>\n<div style=\"text-align: justify;\">\n<\/div>\n<div class=\"separator\" style=\"clear: both; text-align: center;\">\n<a href=\"https:\/\/1.bp.blogspot.com\/--pmO7X-vkSE\/W_xotWX3HBI\/AAAAAAAA-ZY\/_80AG0OcnJ8wOnULiRg6Wu0CtiVUWUWzgCLcBGAs\/s1600\/jogods.jpg\" imageanchor=\"1\" style=\"margin-left: 1em; margin-right: 1em;\"><img loading=\"lazy\" decoding=\"async\" border=\"0\" data-original-height=\"512\" data-original-width=\"512\" height=\"640\" src=\"http:\/\/blogdoedvaldomagalhaes.com.br\/wp-content\/uploads\/2018\/11\/jogods.jpg\" width=\"640\" \/><\/a><\/div>\n<div style=\"text-align: justify;\">\n<\/div>\n<div style=\"text-align: justify;\">\nConfira a comiss\u00e3o t\u00e9cnica para a temporada 2019:<\/div>\n<div style=\"text-align: justify;\">\n<\/div>\n<div style=\"text-align: justify;\">\nT\u00e9cnico: Estevam Soares<\/div>\n<div style=\"text-align: justify;\">\n<\/div>\n<div style=\"text-align: justify;\">\nAuxiliares t\u00e9cnicos: Erivelton e Catende<\/div>\n<div style=\"text-align: justify;\">\n<\/div>\n<div style=\"text-align: justify;\">\nSupervisor de futebol: Adrinaldo Barbosa<\/div>\n<div style=\"text-align: justify;\">\n<\/div>\n<div style=\"text-align: justify;\">\nCoordenador de futebol: Alex Faustino<\/div>\n<div style=\"text-align: justify;\">\n<\/div>\n<div style=\"text-align: justify;\">\nPreparadores f\u00edsicos: Odair Mourato e Biriba<\/div>\n<div style=\"text-align: justify;\">\n<\/div>\n<div style=\"text-align: justify;\">\nPreparadores de goleiros: Iza\u00edas Dantas e Valter Ulisses<\/div>\n<div style=\"text-align: justify;\">\n<\/div>\n<div style=\"text-align: justify;\">\nMassagistas: Eraldo e Naua&nbsp;<\/div>\n<div style=\"text-align: justify;\">\n<\/div>\n<div style=\"text-align: justify;\">\nM\u00e9dico: Reinaldo Madeiro<\/div>\n<div style=\"text-align: justify;\">\n<\/div>\n<div style=\"text-align: justify;\">\nFisioterapeuta: S\u00e9rgio Fran\u00e7a<\/div>\n<div style=\"text-align: justify;\">\n<\/div>\n<div style=\"text-align: justify;\">\nMordomos: Zelito e Igor Felipe<\/div>\n<div style=\"text-align: justify;\">\n<\/div>\n","protected":false},"excerpt":{"rendered":"<p>Foto: Central Sport Club\/Divulga\u00e7\u00e3o Visando a temporada 2019, onde o Central vai disputar o Campeonato Pernambucano, Copa do Brasil e&hellip;<\/p>\n","protected":false},"author":1,"featured_media":0,"comment_status":"open","ping_status":"open","sticky":false,"template":"","format":"standard","meta":{"footnotes":""},"categories":[1],"tags":[2,535,3],"class_list":["post-608","post","type-post","status-publish","format-standard","hentry","category-sem-categoria","tag-blog-do-edvaldo-magalhaes","tag-central-define-local-e-data-da-pre-temporada-visando-2019","tag-futebol"],"_links":{"self":[{"href":"https:\/\/blogdoedvaldomagalhaes.com.br\/index.php\/wp-json\/wp\/v2\/posts\/608","targetHints":{"allow":["GET"]}}],"collection":[{"href":"https:\/\/blogdoedvaldomagalhaes.com.br\/index.php\/wp-json\/wp\/v2\/posts"}],"about":[{"href":"https:\/\/blogdoedvaldomagalhaes.com.br\/index.php\/wp-json\/wp\/v2\/types\/post"}],"author":[{"embeddable":true,"href":"https:\/\/blogdoedvaldomagalhaes.com.br\/index.php\/wp-json\/wp\/v2\/users\/1"}],"replies":[{"embeddable":true,"href":"https:\/\/blogdoedvaldomagalhaes.com.br\/index.php\/wp-json\/wp\/v2\/comments?post=608"}],"version-history":[{"count":1,"href":"https:\/\/blogdoedvaldomagalhaes.com.br\/index.php\/wp-json\/wp\/v2\/posts\/608\/revisions"}],"predecessor-version":[{"id":36189,"href":"https:\/\/blogdoedvaldomagalhaes.com.br\/index.php\/wp-json\/wp\/v2\/posts\/608\/revisions\/36189"}],"wp:attachment":[{"href":"https:\/\/blogdoedvaldomagalhaes.com.br\/index.php\/wp-json\/wp\/v2\/media?parent=608"}],"wp:term":[{"taxonomy":"category","embeddable":true,"href":"https:\/\/blogdoedvaldomagalhaes.com.br\/index.php\/wp-json\/wp\/v2\/categories?post=608"},{"taxonomy":"post_tag","embeddable":true,"href":"https:\/\/blogdoedvaldomagalhaes.com.br\/index.php\/wp-json\/wp\/v2\/tags?post=608"}],"curies":[{"name":"wp","href":"https:\/\/api.w.org\/{rel}","templated":true}]}}