{"id":60787,"date":"2020-08-29T18:11:48","date_gmt":"2020-08-29T21:11:48","guid":{"rendered":"https:\/\/blogdoedvaldomagalhaes.com.br\/?p=60787"},"modified":"2020-08-29T19:07:34","modified_gmt":"2020-08-29T22:07:34","slug":"central-vence-o-campinense-em-amistoso-preparatorio-para-a-serie-d-2020","status":"publish","type":"post","link":"https:\/\/blogdoedvaldomagalhaes.com.br\/index.php\/2020\/08\/29\/central-vence-o-campinense-em-amistoso-preparatorio-para-a-serie-d-2020\/","title":{"rendered":"Central vence o Campinense em amistoso preparat\u00f3rio para a S\u00e9rie D 2020"},"content":{"rendered":"<p style=\"text-align: justify;\">O Central venceu o Campinense-PB por 2 a 0, no Est\u00e1dio Luiz Jos\u00e9 de Lacerda (Lacerd\u00e3o), em Caruaru. Os gols foram marcados por Doda no 1\u00b0 tempo. Os dois times est\u00e3o se preparando para disputar a S\u00e9rie D 2020.<\/p>\n<p style=\"text-align: justify;\">Central e Campinense voltam a se enfrentar no dia 4 de setembro, \u00e0s 16, no est\u00e1dio Amig\u00e3o, em Campina Grande, na Para\u00edba. A Patativa estreia na competi\u00e7\u00e3o no dia 19 de setembro, contra o Jaciob\u00e1-AL.<\/p>\n<p style=\"text-align: justify;\">Ficha T\u00e9cnica<\/p>\n<p>Central 2 x 0 Campinense, gols de Doda.<\/p>\n<p>Est\u00e1dio Luiz Jos\u00e9 de Lacerda, em Caruaru.<\/p>\n<p style=\"text-align: justify;\">\u00c1rbitro: Alex Faustino, Auxiliares: Jos\u00e9 Maciel e Silvio Wanderson.\u00a0<\/p>\n<p style=\"text-align: justify;\">O Central venceu com Jeferson, Polegar, Filipe Costa, Janelson s Evandro; Gustavo Henrique (Fernando Pires), Adailson (Ca\u00edque), Janderson e Doda (Aru\u00e1); Leandro Costa (Joelson) e Leandro Costa (Jefinho). T\u00e9cnico: Silvio Crici\u00fama.<\/p>\n<p style=\"text-align: justify;\">O Campinense perdeu com Wellington Lima (Waldson), Alex Travassos (Paulo Matheus, depois Vin\u00edcius Ara\u00fajo), Breno (Dorgival), R\u00f4mulo e Fabinho (Neto); J\u00fanior Ga\u00facho (Elielton), Caio Breno (Juliano), Tessio (Allefe) e Echeverria (Alef Diego); F\u00e1bio J\u00fanior (Gabriel Santos) e Rafael Ibiapino (Cleison). T\u00e9cnico: Givanildo Sales.<\/p>\n\n\n<figure class=\"wp-block-image size-large\"><img loading=\"lazy\" decoding=\"async\" width=\"1024\" height=\"768\" src=\"https:\/\/blogdoedvaldomagalhaes.com.br\/wp-content\/uploads\/2020\/08\/IMG-20200829-WA0068-1024x768.jpg\" alt=\"\" class=\"wp-image-60791\" srcset=\"https:\/\/blogdoedvaldomagalhaes.com.br\/wp-content\/uploads\/2020\/08\/IMG-20200829-WA0068-1024x768.jpg 1024w, https:\/\/blogdoedvaldomagalhaes.com.br\/wp-content\/uploads\/2020\/08\/IMG-20200829-WA0068-300x225.jpg 300w, https:\/\/blogdoedvaldomagalhaes.com.br\/wp-content\/uploads\/2020\/08\/IMG-20200829-WA0068-768x576.jpg 768w, https:\/\/blogdoedvaldomagalhaes.com.br\/wp-content\/uploads\/2020\/08\/IMG-20200829-WA0068-160x120.jpg 160w, https:\/\/blogdoedvaldomagalhaes.com.br\/wp-content\/uploads\/2020\/08\/IMG-20200829-WA0068.jpg 1280w\" sizes=\"auto, (max-width: 1024px) 100vw, 1024px\" \/><\/figure>\n\n\n\n<figure class=\"wp-block-image size-large\"><img loading=\"lazy\" decoding=\"async\" width=\"1024\" height=\"768\" src=\"https:\/\/blogdoedvaldomagalhaes.com.br\/wp-content\/uploads\/2020\/08\/IMG-20200829-WA0065-1024x768.jpg\" alt=\"\" class=\"wp-image-60792\" srcset=\"https:\/\/blogdoedvaldomagalhaes.com.br\/wp-content\/uploads\/2020\/08\/IMG-20200829-WA0065-1024x768.jpg 1024w, https:\/\/blogdoedvaldomagalhaes.com.br\/wp-content\/uploads\/2020\/08\/IMG-20200829-WA0065-300x225.jpg 300w, https:\/\/blogdoedvaldomagalhaes.com.br\/wp-content\/uploads\/2020\/08\/IMG-20200829-WA0065-768x576.jpg 768w, https:\/\/blogdoedvaldomagalhaes.com.br\/wp-content\/uploads\/2020\/08\/IMG-20200829-WA0065-160x120.jpg 160w, https:\/\/blogdoedvaldomagalhaes.com.br\/wp-content\/uploads\/2020\/08\/IMG-20200829-WA0065.jpg 1280w\" sizes=\"auto, (max-width: 1024px) 100vw, 1024px\" \/><figcaption>Fotos Central x Campinense: Carlos Recupero<\/figcaption><\/figure>\n","protected":false},"excerpt":{"rendered":"<p>O Central venceu o Campinense-PB por 2 a 0, no Est\u00e1dio Luiz Jos\u00e9 de Lacerda (Lacerd\u00e3o), em Caruaru. Os gols&hellip;<\/p>\n","protected":false},"author":1,"featured_media":60788,"comment_status":"open","ping_status":"open","sticky":false,"template":"","format":"standard","meta":{"footnotes":""},"categories":[14124],"tags":[2,19374,3],"class_list":["post-60787","post","type-post","status-publish","format-standard","has-post-thumbnail","hentry","category-centralsc","tag-blog-do-edvaldo-magalhaes","tag-central-vence-o-campinense-em-amistoso-preparatorio-para-a-serie-d","tag-futebol"],"_links":{"self":[{"href":"https:\/\/blogdoedvaldomagalhaes.com.br\/index.php\/wp-json\/wp\/v2\/posts\/60787","targetHints":{"allow":["GET"]}}],"collection":[{"href":"https:\/\/blogdoedvaldomagalhaes.com.br\/index.php\/wp-json\/wp\/v2\/posts"}],"about":[{"href":"https:\/\/blogdoedvaldomagalhaes.com.br\/index.php\/wp-json\/wp\/v2\/types\/post"}],"author":[{"embeddable":true,"href":"https:\/\/blogdoedvaldomagalhaes.com.br\/index.php\/wp-json\/wp\/v2\/users\/1"}],"replies":[{"embeddable":true,"href":"https:\/\/blogdoedvaldomagalhaes.com.br\/index.php\/wp-json\/wp\/v2\/comments?post=60787"}],"version-history":[{"count":3,"href":"https:\/\/blogdoedvaldomagalhaes.com.br\/index.php\/wp-json\/wp\/v2\/posts\/60787\/revisions"}],"predecessor-version":[{"id":60794,"href":"https:\/\/blogdoedvaldomagalhaes.com.br\/index.php\/wp-json\/wp\/v2\/posts\/60787\/revisions\/60794"}],"wp:featuredmedia":[{"embeddable":true,"href":"https:\/\/blogdoedvaldomagalhaes.com.br\/index.php\/wp-json\/wp\/v2\/media\/60788"}],"wp:attachment":[{"href":"https:\/\/blogdoedvaldomagalhaes.com.br\/index.php\/wp-json\/wp\/v2\/media?parent=60787"}],"wp:term":[{"taxonomy":"category","embeddable":true,"href":"https:\/\/blogdoedvaldomagalhaes.com.br\/index.php\/wp-json\/wp\/v2\/categories?post=60787"},{"taxonomy":"post_tag","embeddable":true,"href":"https:\/\/blogdoedvaldomagalhaes.com.br\/index.php\/wp-json\/wp\/v2\/tags?post=60787"}],"curies":[{"name":"wp","href":"https:\/\/api.w.org\/{rel}","templated":true}]}}