{"id":60782,"date":"2020-08-29T09:54:25","date_gmt":"2020-08-29T12:54:25","guid":{"rendered":"https:\/\/blogdoedvaldomagalhaes.com.br\/?p=60782"},"modified":"2020-08-29T09:56:00","modified_gmt":"2020-08-29T12:56:00","slug":"acic-pede-ao-governo-liberacao-gradual-de-eventos-como-festas-de-aniversarios-batizados-casamentos-e-inauguracoes","status":"publish","type":"post","link":"https:\/\/blogdoedvaldomagalhaes.com.br\/index.php\/2020\/08\/29\/acic-pede-ao-governo-liberacao-gradual-de-eventos-como-festas-de-aniversarios-batizados-casamentos-e-inauguracoes\/","title":{"rendered":"Acic pede ao Governo libera\u00e7\u00e3o gradual de eventos como festas de anivers\u00e1rios, batizados, casamentos e inaugura\u00e7\u00f5es"},"content":{"rendered":"<p style=\"text-align: justify;\"><span style=\"font-size: inherit;\">A Associa\u00e7\u00e3o Comercial e Empresarial de Caruaru (Acic) criou, nessa quinta-feira (27), uma nova c\u00e2mara setorial: a de Eventos. A primeira a\u00e7\u00e3o do grupo de empres\u00e1rios da categoria foi a emiss\u00e3o de uma carta ao Governo do Estado, atrav\u00e9s da Secretaria do Trabalho, Emprego e Qualifica\u00e7\u00e3o, com proposta para retomada gradual e segura das atividades do setor de eventos sociais, familiares e corporativos.<\/span><\/p>\n<p style=\"text-align: justify;\">\u201cNosso objetivo foi sugerir ao Governo de Pernambuco medidas sanit\u00e1rias gerais e espec\u00edficas para que as atividades do setor de eventos possam ser retomadas, gradativamente, com seguran\u00e7a, sempre observando as recomenda\u00e7\u00f5es da Organiza\u00e7\u00e3o Mundial de Sa\u00fade (OMS) e as avalia\u00e7\u00f5es peri\u00f3dicas sobre o cen\u00e1rio da sa\u00fade p\u00fablica do Estado. Tomamos essa iniciativa em atendimento \u00e0s necessidades de manuten\u00e7\u00e3o dos neg\u00f3cios na \u00e1rea e acompanhando a flexibiliza\u00e7\u00e3o das medidas sanit\u00e1rias gerais e segmentadas destinadas \u00e0 conten\u00e7\u00e3o do Coronav\u00edrus\u201d, ressalta o presidente da Associa\u00e7\u00e3o, Luverson Ferreira.<\/p>\n<p style=\"text-align: justify;\">\u201cO que nos motivou foi o apelo da grande discuss\u00e3o de separar os eventos sociais ou familiares dos de grande porte para massas. Nosso setor passou pelo mesmo problema que a Feira de Caruaru em rela\u00e7\u00e3o \u00e0 libera\u00e7\u00e3o do com\u00e9rcio, n\u00e3o se pode comparar uma festividade de 10 mil pessoas com um evento para 40. N\u00f3s nos organizarmos para agirmos de forma coletiva, pois cada um j\u00e1 estava agindo individualmente, e sabemos que unidos somos mais fortes. T\u00ednhamos que nos juntar e falar uma linguagem s\u00f3 e nada melhor do que fazer isso atrav\u00e9s de uma entidade como a Acic. Essa j\u00e1 era uma proposta da gest\u00e3o do presidente Luverson. Depois da nossa reuni\u00e3o, formatamos a proposta que est\u00e1 baseada nos estudos que o Movimento Pr\u00f3-Pernambuco desenvolveu. Nosso segmento precisa de um planejamento pr\u00e9vio para se organizar, por isso estamos pedindo uma previs\u00e3o e uma abertura gradual com todos os cuidados\u201d, defende o coordenador da nova c\u00e2mara setorial, P\u00e9ricles Vasconcelos.<\/p>\n<p style=\"text-align: justify;\">O documento faz refer\u00eancia aos eventos p\u00fablicos e privados de pequeno porte -com at\u00e9 350 convidados, tais como: festas de anivers\u00e1rios e infantis, batizados, bodas, casamentos, confraterniza\u00e7\u00f5es, eventos cient\u00edficos e afins, inaugura\u00e7\u00f5es, culto ecum\u00eanicos, jantares, lan\u00e7amentos de produtos e servi\u00e7os, reuni\u00f5es. A carta, que cont\u00e9m 14 p\u00e1ginas, apresenta orienta\u00e7\u00f5es espec\u00edficas aos subsegmentos de alimenta\u00e7\u00e3o e bebidas, audiovisual e t\u00e9cnica, cenografia e ambienta\u00e7\u00e3o, entretenimento, moda, organiza\u00e7\u00e3o e papelaria e presentes.<\/p>\n<p style=\"text-align: justify;\">Al\u00e9m disso, a Acic faz uma sugest\u00e3o de cronograma para reabertura gradual, levando em considera\u00e7\u00e3o a capacidade de convidados. As datas sugeridas s\u00e3o de: 01 de setembro para eventos com limite de 50 pessoas (30%), 30 de setembro para festividades com at\u00e9 100 pessoas (50%), 15 de outubro para eventos com limite de 200 pessoas e 30 de outubro para aqueles com capacidade para at\u00e9 350 pessoas (100%). Na perspectiva de garantir que as medidas descritas na carta sejam efetivas e representem uma barreira \u00e0 propaga\u00e7\u00e3o da Covid-19, cinco crit\u00e9rios de preven\u00e7\u00e3o e de controle foram estabelecidos: distanciamento social, higiene pessoal, desinfec\u00e7\u00e3o de ambientes, comunica\u00e7\u00e3o e monitoramento das condi\u00e7\u00f5es de sa\u00fade.<\/p>\n<p>Foto: Reprodu\u00e7\u00e3o\/Internet.<\/p>\n","protected":false},"excerpt":{"rendered":"<p>A Associa\u00e7\u00e3o Comercial e Empresarial de Caruaru (Acic) criou, nessa quinta-feira (27), uma nova c\u00e2mara setorial: a de Eventos. A&hellip;<\/p>\n","protected":false},"author":1,"featured_media":60783,"comment_status":"open","ping_status":"open","sticky":false,"template":"","format":"standard","meta":{"footnotes":""},"categories":[14120],"tags":[19372,18867,2,19373,17948],"class_list":["post-60782","post","type-post","status-publish","format-standard","has-post-thumbnail","hentry","category-noticias","tag-acic-pede-ao-governo-liberacao-gradual-de-eventos-como-festas-de-aniversarios","tag-batizados","tag-blog-do-edvaldo-magalhaes","tag-casamentos-e-inauguracoes","tag-coronavirus-2"],"_links":{"self":[{"href":"https:\/\/blogdoedvaldomagalhaes.com.br\/index.php\/wp-json\/wp\/v2\/posts\/60782","targetHints":{"allow":["GET"]}}],"collection":[{"href":"https:\/\/blogdoedvaldomagalhaes.com.br\/index.php\/wp-json\/wp\/v2\/posts"}],"about":[{"href":"https:\/\/blogdoedvaldomagalhaes.com.br\/index.php\/wp-json\/wp\/v2\/types\/post"}],"author":[{"embeddable":true,"href":"https:\/\/blogdoedvaldomagalhaes.com.br\/index.php\/wp-json\/wp\/v2\/users\/1"}],"replies":[{"embeddable":true,"href":"https:\/\/blogdoedvaldomagalhaes.com.br\/index.php\/wp-json\/wp\/v2\/comments?post=60782"}],"version-history":[{"count":1,"href":"https:\/\/blogdoedvaldomagalhaes.com.br\/index.php\/wp-json\/wp\/v2\/posts\/60782\/revisions"}],"predecessor-version":[{"id":60784,"href":"https:\/\/blogdoedvaldomagalhaes.com.br\/index.php\/wp-json\/wp\/v2\/posts\/60782\/revisions\/60784"}],"wp:featuredmedia":[{"embeddable":true,"href":"https:\/\/blogdoedvaldomagalhaes.com.br\/index.php\/wp-json\/wp\/v2\/media\/60783"}],"wp:attachment":[{"href":"https:\/\/blogdoedvaldomagalhaes.com.br\/index.php\/wp-json\/wp\/v2\/media?parent=60782"}],"wp:term":[{"taxonomy":"category","embeddable":true,"href":"https:\/\/blogdoedvaldomagalhaes.com.br\/index.php\/wp-json\/wp\/v2\/categories?post=60782"},{"taxonomy":"post_tag","embeddable":true,"href":"https:\/\/blogdoedvaldomagalhaes.com.br\/index.php\/wp-json\/wp\/v2\/tags?post=60782"}],"curies":[{"name":"wp","href":"https:\/\/api.w.org\/{rel}","templated":true}]}}