{"id":6078,"date":"2017-05-04T16:59:00","date_gmt":"2017-05-04T19:59:00","guid":{"rendered":"http:\/\/blogdoedvaldomagalhaes.com.br\/index.php\/2017\/05\/04\/instituido-em-caruaru-comite-permanente\/"},"modified":"2019-02-09T01:25:32","modified_gmt":"2019-02-09T03:25:32","slug":"instituido-em-caruaru-comite-permanente","status":"publish","type":"post","link":"https:\/\/blogdoedvaldomagalhaes.com.br\/index.php\/2017\/05\/04\/instituido-em-caruaru-comite-permanente\/","title":{"rendered":"Institu\u00eddo em Caruaru Comit\u00ea Permanente Municipal Juntos pela Seguran\u00e7a"},"content":{"rendered":"<div style=\"background-color: white; border: 0px; margin-bottom: 1.5em; outline: 0px; padding: 0px; vertical-align: baseline;\">\n<div class=\"separator\" style=\"clear: both; text-align: center;\">\n<a href=\"https:\/\/2.bp.blogspot.com\/-SaWkU4tkSas\/WQtdpH9iqBI\/AAAAAAAAUiE\/vyzvfNi-GHgFRx0o62uhCyTspJjoiLD4gCLcB\/s1600\/20170504_100939.jpg\" imageanchor=\"1\" style=\"margin-left: 1em; margin-right: 1em;\"><img loading=\"lazy\" decoding=\"async\" border=\"0\" height=\"225\" src=\"http:\/\/blogdoedvaldomagalhaes.com.br\/wp-content\/uploads\/2017\/05\/20170504_100939.jpg\" width=\"400\" \/><\/a><\/div>\n<p><\/p>\n<div class=\"separator\" style=\"clear: both; text-align: center;\">\n<a href=\"https:\/\/4.bp.blogspot.com\/-j_UoXi8GS1Q\/WQtds6-yiZI\/AAAAAAAAUiI\/m-WATyR0SGIVeCx6kx4c0WLCsZqm_QsYACLcB\/s1600\/20170504_100419.jpg\" imageanchor=\"1\" style=\"margin-left: 1em; margin-right: 1em;\"><img loading=\"lazy\" decoding=\"async\" border=\"0\" height=\"225\" src=\"http:\/\/blogdoedvaldomagalhaes.com.br\/wp-content\/uploads\/2017\/05\/20170504_100419.jpg\" width=\"400\" \/><\/a><\/div>\n<p><\/p>\n<div class=\"separator\" style=\"clear: both; text-align: center;\">\n<a href=\"https:\/\/2.bp.blogspot.com\/-x4iKU_OwyoE\/WQtdv32WWhI\/AAAAAAAAUiM\/F9oOiIlpUYMA7u91YaduK2YrmnkWP1FVQCLcB\/s1600\/20170504_100443.jpg\" imageanchor=\"1\" style=\"margin-left: 1em; margin-right: 1em;\"><img loading=\"lazy\" decoding=\"async\" border=\"0\" height=\"225\" src=\"http:\/\/blogdoedvaldomagalhaes.com.br\/wp-content\/uploads\/2017\/05\/20170504_100443.jpg\" width=\"400\" \/><\/a><\/div>\n<p><\/p>\n<div class=\"separator\" style=\"clear: both; text-align: center;\">\n<a href=\"https:\/\/3.bp.blogspot.com\/-eMa0Cnprzv0\/WQtdx8o47VI\/AAAAAAAAUiQ\/GAZ06-SvJGgCxrEunlQfs3DgDjXVxh2vQCLcB\/s1600\/20170504_100447.jpg\" imageanchor=\"1\" style=\"margin-left: 1em; margin-right: 1em;\"><img loading=\"lazy\" decoding=\"async\" border=\"0\" height=\"225\" src=\"http:\/\/blogdoedvaldomagalhaes.com.br\/wp-content\/uploads\/2017\/05\/20170504_100447.jpg\" width=\"400\" \/><\/a><\/div>\n<p>\nA prefeita de Caruaru, Raquel Lyra (PSDB), assinou dois decretos nesta quinta-feira (04), na Sala de Monitoramento do Centro Administrativo. Foram institu\u00eddos o \u201cComit\u00ea Permanente Municipal Juntos pela Seguran\u00e7a\u201d \u2013 CPMJPS e o \u201cConselho de Seguran\u00e7a Cidad\u00e3 dos bairros e da zona rural\u201d \u2013 CONSEC.&nbsp;<\/div>\n<div style=\"background-color: white; border: 0px; outline: 0px; padding: 0px; text-align: justify; vertical-align: baseline;\">\n<div style=\"text-align: justify;\">\nCom a cria\u00e7\u00e3o do Comit\u00ea Permanente Municipal Juntos Pela Seguran\u00e7a, a inten\u00e7\u00e3o ser\u00e1 aprovar, planejar, executar, implementar e monitorar o Plano Municipal de Seguran\u00e7a P\u00fablica, em conson\u00e2ncia com as a\u00e7\u00f5es e atribui\u00e7\u00f5es constitucionais dos diversos \u00f3rg\u00e3os da esfera do poder p\u00fablico federal e estadual, que atuam na preserva\u00e7\u00e3o da ordem p\u00fablica, trazendo, assim, resultados positivos na preven\u00e7\u00e3o \u00e0 viol\u00eancia em Caruaru.<\/div>\n<div class=\"separator\" style=\"clear: both; text-align: center;\">\n<a href=\"http:\/\/blogdoedvaldomagalhaes.com.br\/wp-content\/uploads\/2017\/05\/3-Coletivo-2.jpg\" imageanchor=\"1\" style=\"clear: left; float: left; margin-bottom: 1em; margin-right: 1em;\"><img decoding=\"async\" border=\"0\" src=\"http:\/\/blogdoedvaldomagalhaes.com.br\/wp-content\/uploads\/2017\/05\/3-Coletivo-2.jpg\" \/><\/a><\/div>\n<p><\/div>\n","protected":false},"excerpt":{"rendered":"<p>A prefeita de Caruaru, Raquel Lyra (PSDB), assinou dois decretos nesta quinta-feira (04), na Sala de Monitoramento do Centro Administrativo.&hellip;<\/p>\n","protected":false},"author":1,"featured_media":0,"comment_status":"open","ping_status":"open","sticky":false,"template":"","format":"standard","meta":{"footnotes":""},"categories":[1],"tags":[2,8161,6],"class_list":["post-6078","post","type-post","status-publish","format-standard","hentry","category-sem-categoria","tag-blog-do-edvaldo-magalhaes","tag-instituido-em-caruaru-comite-permanente-municipal-juntos-pela-seguranca","tag-noticias"],"_links":{"self":[{"href":"https:\/\/blogdoedvaldomagalhaes.com.br\/index.php\/wp-json\/wp\/v2\/posts\/6078","targetHints":{"allow":["GET"]}}],"collection":[{"href":"https:\/\/blogdoedvaldomagalhaes.com.br\/index.php\/wp-json\/wp\/v2\/posts"}],"about":[{"href":"https:\/\/blogdoedvaldomagalhaes.com.br\/index.php\/wp-json\/wp\/v2\/types\/post"}],"author":[{"embeddable":true,"href":"https:\/\/blogdoedvaldomagalhaes.com.br\/index.php\/wp-json\/wp\/v2\/users\/1"}],"replies":[{"embeddable":true,"href":"https:\/\/blogdoedvaldomagalhaes.com.br\/index.php\/wp-json\/wp\/v2\/comments?post=6078"}],"version-history":[{"count":1,"href":"https:\/\/blogdoedvaldomagalhaes.com.br\/index.php\/wp-json\/wp\/v2\/posts\/6078\/revisions"}],"predecessor-version":[{"id":19331,"href":"https:\/\/blogdoedvaldomagalhaes.com.br\/index.php\/wp-json\/wp\/v2\/posts\/6078\/revisions\/19331"}],"wp:attachment":[{"href":"https:\/\/blogdoedvaldomagalhaes.com.br\/index.php\/wp-json\/wp\/v2\/media?parent=6078"}],"wp:term":[{"taxonomy":"category","embeddable":true,"href":"https:\/\/blogdoedvaldomagalhaes.com.br\/index.php\/wp-json\/wp\/v2\/categories?post=6078"},{"taxonomy":"post_tag","embeddable":true,"href":"https:\/\/blogdoedvaldomagalhaes.com.br\/index.php\/wp-json\/wp\/v2\/tags?post=6078"}],"curies":[{"name":"wp","href":"https:\/\/api.w.org\/{rel}","templated":true}]}}