{"id":6077,"date":"2017-05-04T17:20:00","date_gmt":"2017-05-04T20:20:00","guid":{"rendered":"http:\/\/blogdoedvaldomagalhaes.com.br\/index.php\/2017\/05\/04\/sao-joao-de-caruaru-tera-varias\/"},"modified":"2019-02-09T01:25:34","modified_gmt":"2019-02-09T03:25:34","slug":"sao-joao-de-caruaru-tera-varias","status":"publish","type":"post","link":"https:\/\/blogdoedvaldomagalhaes.com.br\/index.php\/2017\/05\/04\/sao-joao-de-caruaru-tera-varias\/","title":{"rendered":"S\u00e3o Jo\u00e3o de Caruaru ter\u00e1 v\u00e1rias novidades e lan\u00e7amento pode acontecer na zona rural"},"content":{"rendered":"<div class=\"separator\" style=\"clear: both; text-align: center;\">\n<a href=\"https:\/\/1.bp.blogspot.com\/-a3z-sXwTi6M\/WQkZTlXhE3I\/AAAAAAAAUbE\/dcHZ0sz12MALdNGv6kXfNIA_Qqe5RVlOQCLcB\/s1600\/s%25C3%25A3o%2Bjo%25C3%25A3o.jpg\" imageanchor=\"1\" style=\"margin-left: 1em; margin-right: 1em;\"><img loading=\"lazy\" decoding=\"async\" border=\"0\" height=\"200\" src=\"http:\/\/blogdoedvaldomagalhaes.com.br\/wp-content\/uploads\/2017\/05\/sC3A3ojoC3A3o.jpg\" width=\"400\" \/><\/a><\/div>\n<div class=\"separator\" style=\"clear: both; text-align: center;\">\n<\/div>\n<div class=\"separator\" style=\"clear: both; text-align: justify;\">\nO S\u00e3o Jo\u00e3o 2017 de Caruaru ter\u00e1 muitas novidades, a come\u00e7ar pelo lan\u00e7amento da festa, fontes disseram ao nosso Blog que o an\u00fancio deve ocorrer no fim da pr\u00f3xima semana, com data ainda indefinida, em uma ch\u00e1cara no s\u00edtio Pau Santo, na zona rural do munic\u00edpio. O P\u00e1tio de Eventos Luiz Gonzaga ter\u00e1 novidades, al\u00e9m da Esta\u00e7\u00e3o Ferrovi\u00e1ria. O Polo Azul\u00e3o, na avenida Rui Barbosa, n\u00e3o tocar\u00e1 forr\u00f3, ser\u00e3o diversos g\u00eaneros musicais.&nbsp;<\/div>\n<div class=\"separator\" style=\"clear: both; text-align: justify;\">\n<\/div>\n<div class=\"separator\" style=\"clear: both; text-align: justify;\">\nOs executores do per\u00edodo junino ainda n\u00e3o est\u00e3o definidos, com isso, o processo licitat\u00f3rio est\u00e1 em aberto, devendo ser fechado nos pr\u00f3ximos dias.&nbsp;<\/div>\n<div class=\"separator\" style=\"clear: both; text-align: justify;\">\n<\/div>\n<div class=\"separator\" style=\"clear: both; text-align: center;\">\n<a href=\"http:\/\/blogdoedvaldomagalhaes.com.br\/wp-content\/uploads\/2017\/05\/4-C393tica-3.jpg\" imageanchor=\"1\" style=\"clear: left; float: left; margin-bottom: 1em; margin-right: 1em;\"><img decoding=\"async\" border=\"0\" src=\"http:\/\/blogdoedvaldomagalhaes.com.br\/wp-content\/uploads\/2017\/05\/4-C393tica-3.jpg\" \/><\/a><\/div>\n","protected":false},"excerpt":{"rendered":"<p>O S\u00e3o Jo\u00e3o 2017 de Caruaru ter\u00e1 muitas novidades, a come\u00e7ar pelo lan\u00e7amento da festa, fontes disseram ao nosso Blog&hellip;<\/p>\n","protected":false},"author":1,"featured_media":0,"comment_status":"open","ping_status":"open","sticky":false,"template":"","format":"standard","meta":{"footnotes":""},"categories":[1],"tags":[2,6,1229,8160],"class_list":["post-6077","post","type-post","status-publish","format-standard","hentry","category-sem-categoria","tag-blog-do-edvaldo-magalhaes","tag-noticias","tag-raquel-lyra","tag-sao-joao-de-caruaru-tera-varias-novidades-e-lancamento-pode-acontecer-na-zona-rural"],"_links":{"self":[{"href":"https:\/\/blogdoedvaldomagalhaes.com.br\/index.php\/wp-json\/wp\/v2\/posts\/6077","targetHints":{"allow":["GET"]}}],"collection":[{"href":"https:\/\/blogdoedvaldomagalhaes.com.br\/index.php\/wp-json\/wp\/v2\/posts"}],"about":[{"href":"https:\/\/blogdoedvaldomagalhaes.com.br\/index.php\/wp-json\/wp\/v2\/types\/post"}],"author":[{"embeddable":true,"href":"https:\/\/blogdoedvaldomagalhaes.com.br\/index.php\/wp-json\/wp\/v2\/users\/1"}],"replies":[{"embeddable":true,"href":"https:\/\/blogdoedvaldomagalhaes.com.br\/index.php\/wp-json\/wp\/v2\/comments?post=6077"}],"version-history":[{"count":1,"href":"https:\/\/blogdoedvaldomagalhaes.com.br\/index.php\/wp-json\/wp\/v2\/posts\/6077\/revisions"}],"predecessor-version":[{"id":19334,"href":"https:\/\/blogdoedvaldomagalhaes.com.br\/index.php\/wp-json\/wp\/v2\/posts\/6077\/revisions\/19334"}],"wp:attachment":[{"href":"https:\/\/blogdoedvaldomagalhaes.com.br\/index.php\/wp-json\/wp\/v2\/media?parent=6077"}],"wp:term":[{"taxonomy":"category","embeddable":true,"href":"https:\/\/blogdoedvaldomagalhaes.com.br\/index.php\/wp-json\/wp\/v2\/categories?post=6077"},{"taxonomy":"post_tag","embeddable":true,"href":"https:\/\/blogdoedvaldomagalhaes.com.br\/index.php\/wp-json\/wp\/v2\/tags?post=6077"}],"curies":[{"name":"wp","href":"https:\/\/api.w.org\/{rel}","templated":true}]}}