{"id":6076,"date":"2017-05-04T23:05:00","date_gmt":"2017-05-05T02:05:00","guid":{"rendered":"http:\/\/blogdoedvaldomagalhaes.com.br\/index.php\/2017\/05\/04\/marcha-mundial-das-mulheres-faz\/"},"modified":"2019-02-09T01:25:35","modified_gmt":"2019-02-09T03:25:35","slug":"marcha-mundial-das-mulheres-faz","status":"publish","type":"post","link":"https:\/\/blogdoedvaldomagalhaes.com.br\/index.php\/2017\/05\/04\/marcha-mundial-das-mulheres-faz\/","title":{"rendered":"Marcha Mundial das Mulheres faz lan\u00e7amento em Caruaru com show de Gabi da Pele Preta"},"content":{"rendered":"<div class=\"separator\" style=\"clear: both; text-align: center;\">\n<a href=\"https:\/\/2.bp.blogspot.com\/-BsD64UouJJI\/WQuywsGOr7I\/AAAAAAAAUjE\/UgKPiSfZHt8qrdT2InSsysOHh2RYFgK_QCLcB\/s1600\/gabi.jpg\" imageanchor=\"1\" style=\"margin-left: 1em; margin-right: 1em;\"><img loading=\"lazy\" decoding=\"async\" border=\"0\" height=\"225\" src=\"http:\/\/blogdoedvaldomagalhaes.com.br\/wp-content\/uploads\/2017\/05\/gabi.jpg\" width=\"400\" \/><\/a><\/div>\n<div style=\"background-color: white; border: 0px; margin-bottom: 1.5em; outline: 0px; padding: 0px; text-align: justify; vertical-align: baseline;\">\n<\/div>\n<div style=\"background-color: white; border: 0px; margin-bottom: 1.5em; outline: 0px; padding: 0px; text-align: justify; vertical-align: baseline;\">\nO Movimento da Marcha Mundial das Mulheres far\u00e1 o lan\u00e7amento Pol\u00edtico Cultural do III Encontro Estadual, nesta sexta-feira (05), no Sindicato dos Banc\u00e1rios, em Caruaru, a partir das 18h, com show da cantora e militante da Marcha, Gabi da Pele Preta. Este ser\u00e1 mais um momento de apresentar o movimento a sociedade, e que dar\u00e1 in\u00edcio ao processo preparat\u00f3rio do III Encontro Estadual, previsto para acontecer nos dias 8, 9 e 10 de setembro, em Caruaru. No encontro, ser\u00e1 reunido toda a milit\u00e2ncia da Marcha em debates, forma\u00e7\u00f5es e mais festas. Na ocasi\u00e3o do Lan\u00e7amento, tamb\u00e9m ser\u00e1 tornado p\u00fablico as datas da forma\u00e7\u00e3o em feminismo popular de 2017.<\/div>\n<div style=\"background-color: white; border: 0px; margin-bottom: 1.5em; outline: 0px; padding: 0px; text-align: justify; vertical-align: baseline;\">\nOs \u00faltimos anos marcaram a atua\u00e7\u00e3o da Marcha Mundial das Mulheres pela intensidade com que foram exigidas as a\u00e7\u00f5es. A Marcha continua ocupando as ruas por um Projeto Feminista, Colorido e Popular.<\/div>\n<div class=\"separator\" style=\"clear: both; text-align: center;\">\n<a href=\"http:\/\/blogdoedvaldomagalhaes.com.br\/wp-content\/uploads\/2017\/05\/5-Saga-3.jpg\" imageanchor=\"1\" style=\"clear: left; float: left; margin-bottom: 1em; margin-right: 1em;\"><img decoding=\"async\" border=\"0\" src=\"http:\/\/blogdoedvaldomagalhaes.com.br\/wp-content\/uploads\/2017\/05\/5-Saga-3.jpg\" \/><\/a><\/div>\n<div style=\"background-color: white; border: 0px; margin-bottom: 1.5em; outline: 0px; padding: 0px; text-align: justify; vertical-align: baseline;\">\n<\/div>\n","protected":false},"excerpt":{"rendered":"<p>O Movimento da Marcha Mundial das Mulheres far\u00e1 o lan\u00e7amento Pol\u00edtico Cultural do III Encontro Estadual, nesta sexta-feira (05), no&hellip;<\/p>\n","protected":false},"author":1,"featured_media":0,"comment_status":"open","ping_status":"open","sticky":false,"template":"","format":"standard","meta":{"footnotes":""},"categories":[1],"tags":[2,8159,6],"class_list":["post-6076","post","type-post","status-publish","format-standard","hentry","category-sem-categoria","tag-blog-do-edvaldo-magalhaes","tag-marcha-mundial-das-mulheres-faz-lancamento-em-caruaru-com-show-de-gabi-da-pele-preta","tag-noticias"],"_links":{"self":[{"href":"https:\/\/blogdoedvaldomagalhaes.com.br\/index.php\/wp-json\/wp\/v2\/posts\/6076","targetHints":{"allow":["GET"]}}],"collection":[{"href":"https:\/\/blogdoedvaldomagalhaes.com.br\/index.php\/wp-json\/wp\/v2\/posts"}],"about":[{"href":"https:\/\/blogdoedvaldomagalhaes.com.br\/index.php\/wp-json\/wp\/v2\/types\/post"}],"author":[{"embeddable":true,"href":"https:\/\/blogdoedvaldomagalhaes.com.br\/index.php\/wp-json\/wp\/v2\/users\/1"}],"replies":[{"embeddable":true,"href":"https:\/\/blogdoedvaldomagalhaes.com.br\/index.php\/wp-json\/wp\/v2\/comments?post=6076"}],"version-history":[{"count":1,"href":"https:\/\/blogdoedvaldomagalhaes.com.br\/index.php\/wp-json\/wp\/v2\/posts\/6076\/revisions"}],"predecessor-version":[{"id":19337,"href":"https:\/\/blogdoedvaldomagalhaes.com.br\/index.php\/wp-json\/wp\/v2\/posts\/6076\/revisions\/19337"}],"wp:attachment":[{"href":"https:\/\/blogdoedvaldomagalhaes.com.br\/index.php\/wp-json\/wp\/v2\/media?parent=6076"}],"wp:term":[{"taxonomy":"category","embeddable":true,"href":"https:\/\/blogdoedvaldomagalhaes.com.br\/index.php\/wp-json\/wp\/v2\/categories?post=6076"},{"taxonomy":"post_tag","embeddable":true,"href":"https:\/\/blogdoedvaldomagalhaes.com.br\/index.php\/wp-json\/wp\/v2\/tags?post=6076"}],"curies":[{"name":"wp","href":"https:\/\/api.w.org\/{rel}","templated":true}]}}