{"id":6073,"date":"2017-05-05T02:38:00","date_gmt":"2017-05-05T05:38:00","guid":{"rendered":"http:\/\/blogdoedvaldomagalhaes.com.br\/index.php\/2017\/05\/05\/homicidio-dentro-de-bar-em-caruaru-2\/"},"modified":"2019-02-09T01:25:36","modified_gmt":"2019-02-09T03:25:36","slug":"homicidio-dentro-de-bar-em-caruaru-2","status":"publish","type":"post","link":"https:\/\/blogdoedvaldomagalhaes.com.br\/index.php\/2017\/05\/05\/homicidio-dentro-de-bar-em-caruaru-2\/","title":{"rendered":"Homic\u00eddio dentro de bar em Caruaru nesta quinta (4)"},"content":{"rendered":"<div class=\"separator\" style=\"clear: both; text-align: center;\">\n<a href=\"https:\/\/3.bp.blogspot.com\/-pWIeP0vhbJU\/WQvllL0KJpI\/AAAAAAAAUkU\/Rx3SkZQD0Lgbiw1yeSKVZ2GZmgVTjspxgCLcB\/s1600\/IMG-20170504-WA0233.jpg\" imageanchor=\"1\" style=\"margin-left: 1em; margin-right: 1em;\"><img loading=\"lazy\" decoding=\"async\" border=\"0\" height=\"400\" src=\"http:\/\/blogdoedvaldomagalhaes.com.br\/wp-content\/uploads\/2017\/05\/IMG-20170504-WA0233.jpg\" width=\"223\" \/><\/a><\/div>\n<div class=\"separator\" style=\"clear: both; text-align: center;\">\n<\/div>\n<p><\/p>\n<div class=\"separator\" style=\"clear: both; text-align: center;\">\n<a href=\"https:\/\/2.bp.blogspot.com\/-TqwK8NGBBCM\/WQvlrKPvRhI\/AAAAAAAAUkc\/n3NneLROsCUColRKURPvUFUBG6Mx30v2QCLcB\/s1600\/IMG-20170504-WA0222.jpg\" imageanchor=\"1\" style=\"margin-left: 1em; margin-right: 1em;\"><img loading=\"lazy\" decoding=\"async\" border=\"0\" height=\"400\" src=\"http:\/\/blogdoedvaldomagalhaes.com.br\/wp-content\/uploads\/2017\/05\/IMG-20170504-WA0222.jpg\" width=\"225\" \/>&nbsp;<\/a><\/div>\n<div class=\"separator\" style=\"clear: both; text-align: center;\">\nFotos: Reprodu\u00e7\u00e3o\/WhatsApp<\/div>\n<div class=\"separator\" style=\"clear: both; text-align: center;\">\n<\/div>\n<div class=\"separator\" style=\"clear: both; text-align: center;\">\n<\/div>\n<div class=\"separator\" style=\"clear: both; text-align: center;\">\n<\/div>\n<div class=\"separator\" style=\"clear: both; text-align: justify;\">\nUm homic\u00eddio foi registrado dentro de um bar, que pr\u00f3ximo a caixa d \u00e1gua da Compesa, na rua Joaquim Manuel de Macedo, no bairro Salgado, em Caruaru. &nbsp;A v\u00edtima que n\u00e3o foi identificada ainda estava com uma faca peixeira e dois celulares. Segundo informa\u00e7\u00f5es da pol\u00edcia, a ele \u00e9 acusado de ter praticado um assalto e entrou no bar onde pediu uma cerveja, antes de beber foi alvejado por disparos de arma de fogo, o comparsa dele fugiu. Continue acessando o nosso Blog, a qualquer momento traremos mais informa\u00e7\u00f5es.<\/div>\n<div class=\"separator\" style=\"clear: both; text-align: justify;\">\n<\/div>\n<div class=\"separator\" style=\"clear: both; text-align: justify;\">\nEste \u00e9 o 1\u00ba homic\u00eddio do m\u00eas de maio \u00e9 o 103\u00ba do ano em Caruaru. <\/div>\n<div class=\"separator\" style=\"clear: both; text-align: center;\">\n<a href=\"http:\/\/blogdoedvaldomagalhaes.com.br\/wp-content\/uploads\/2017\/05\/7-SINTRACON-3.jpg\" imageanchor=\"1\" style=\"clear: left; float: left; margin-bottom: 1em; margin-right: 1em;\"><img decoding=\"async\" border=\"0\" src=\"http:\/\/blogdoedvaldomagalhaes.com.br\/wp-content\/uploads\/2017\/05\/7-SINTRACON-3.jpg\" \/><\/a><\/div>\n<div class=\"separator\" style=\"clear: both; text-align: justify;\">\n<\/div>\n","protected":false},"excerpt":{"rendered":"<p>&nbsp; Fotos: Reprodu\u00e7\u00e3o\/WhatsApp Um homic\u00eddio foi registrado dentro de um bar, que pr\u00f3ximo a caixa d \u00e1gua da Compesa, na&hellip;<\/p>\n","protected":false},"author":1,"featured_media":0,"comment_status":"open","ping_status":"open","sticky":false,"template":"","format":"standard","meta":{"footnotes":""},"categories":[1],"tags":[1943,2,8155,13,8156],"class_list":["post-6073","post","type-post","status-publish","format-standard","hentry","category-sem-categoria","tag-bairro-salgado","tag-blog-do-edvaldo-magalhaes","tag-homicidio-dentro-de-bar-em-caruaru-nesta-quinta-4","tag-policial","tag-rua-joaquim-manuel-de-macedo"],"_links":{"self":[{"href":"https:\/\/blogdoedvaldomagalhaes.com.br\/index.php\/wp-json\/wp\/v2\/posts\/6073","targetHints":{"allow":["GET"]}}],"collection":[{"href":"https:\/\/blogdoedvaldomagalhaes.com.br\/index.php\/wp-json\/wp\/v2\/posts"}],"about":[{"href":"https:\/\/blogdoedvaldomagalhaes.com.br\/index.php\/wp-json\/wp\/v2\/types\/post"}],"author":[{"embeddable":true,"href":"https:\/\/blogdoedvaldomagalhaes.com.br\/index.php\/wp-json\/wp\/v2\/users\/1"}],"replies":[{"embeddable":true,"href":"https:\/\/blogdoedvaldomagalhaes.com.br\/index.php\/wp-json\/wp\/v2\/comments?post=6073"}],"version-history":[{"count":1,"href":"https:\/\/blogdoedvaldomagalhaes.com.br\/index.php\/wp-json\/wp\/v2\/posts\/6073\/revisions"}],"predecessor-version":[{"id":19347,"href":"https:\/\/blogdoedvaldomagalhaes.com.br\/index.php\/wp-json\/wp\/v2\/posts\/6073\/revisions\/19347"}],"wp:attachment":[{"href":"https:\/\/blogdoedvaldomagalhaes.com.br\/index.php\/wp-json\/wp\/v2\/media?parent=6073"}],"wp:term":[{"taxonomy":"category","embeddable":true,"href":"https:\/\/blogdoedvaldomagalhaes.com.br\/index.php\/wp-json\/wp\/v2\/categories?post=6073"},{"taxonomy":"post_tag","embeddable":true,"href":"https:\/\/blogdoedvaldomagalhaes.com.br\/index.php\/wp-json\/wp\/v2\/tags?post=6073"}],"curies":[{"name":"wp","href":"https:\/\/api.w.org\/{rel}","templated":true}]}}