{"id":607,"date":"2018-11-27T00:27:00","date_gmt":"2018-11-27T02:27:00","guid":{"rendered":"http:\/\/blogdoedvaldomagalhaes.com.br\/index.php\/2018\/11\/27\/motociclista-morre-apos-colisao-entre\/"},"modified":"2019-02-09T02:43:03","modified_gmt":"2019-02-09T04:43:03","slug":"motociclista-morre-apos-colisao-entre","status":"publish","type":"post","link":"https:\/\/blogdoedvaldomagalhaes.com.br\/index.php\/2018\/11\/27\/motociclista-morre-apos-colisao-entre\/","title":{"rendered":"Motociclista morre ap\u00f3s colis\u00e3o entre carro e moto na PE-90 em Surubim"},"content":{"rendered":"<div class=\"separator\" style=\"clear: both; text-align: center;\">\n<a href=\"https:\/\/1.bp.blogspot.com\/-HalXpr1aTKI\/W_yPB-lXiFI\/AAAAAAAA-Zo\/PqSIgNW_aKgkmnOTqU3EwqlqTMV39M_vwCLcBGAs\/s1600\/IMG-20181126-WA0289.jpg\" imageanchor=\"1\" style=\"margin-left: 1em; margin-right: 1em;\"><img loading=\"lazy\" decoding=\"async\" border=\"0\" data-original-height=\"1040\" data-original-width=\"780\" height=\"640\" src=\"http:\/\/blogdoedvaldomagalhaes.com.br\/wp-content\/uploads\/2018\/11\/IMG-20181126-WA0289.jpg\" width=\"480\" \/><\/a><\/div>\n<div class=\"separator\" style=\"clear: both; text-align: center;\">\nFotos: Reprodu\u00e7\u00e3o\/WhatsApp<\/div>\n<div class=\"separator\" style=\"clear: both; text-align: center;\">\n<\/div>\n<div class=\"separator\" style=\"clear: both; text-align: justify;\">\nO grave acidente ocorreu na noite desta segunda-feira (26). Segundo informa\u00e7\u00f5es o motociclista conhecido como Ricardo, que consertava m\u00e1quinas de costura, passava pela PE-90, em sua moto Honda de cor amarela e placa PEO-1837-Surubim, sentido Capital\/Interior, quando um Fiat Uno de cor branca e placas KKD-0287-Surubim, conduzido por um popular conhecido como &#8220;Ricardo da Antena, que vinha no sentido contr\u00e1rio saiu de sua m\u00e3o e atravessou a pista com destino a um posto de combust\u00edvel, n\u00e3o dando tempo do motociclista frear a moto, acontecendo a colis\u00e3o. O motociclista com ferimentos pelo corpo, principalmente na cabe\u00e7a, foi socorrido para a Unidade de Pronto Atendimento (UPA) de Surubim, mas infelizmente n\u00e3o resistiu e faleceu.<\/div>\n<p><\/p>\n<div class=\"separator\" style=\"clear: both; text-align: center;\">\n<a href=\"https:\/\/4.bp.blogspot.com\/-sWWr3nd8cn8\/W_yPFLnUacI\/AAAAAAAA-Zs\/SiP9mI6InuQyke0YFXpBbkmw0BgNzzSkACLcBGAs\/s1600\/IMG-20181126-WA0290.jpg\" imageanchor=\"1\" style=\"margin-left: 1em; margin-right: 1em;\"><img loading=\"lazy\" decoding=\"async\" border=\"0\" data-original-height=\"1040\" data-original-width=\"780\" height=\"640\" src=\"http:\/\/blogdoedvaldomagalhaes.com.br\/wp-content\/uploads\/2018\/11\/IMG-20181126-WA0290.jpg\" width=\"480\" \/><\/a><\/div>\n<p><\/p>\n<div class=\"separator\" style=\"clear: both; text-align: center;\">\n<a href=\"https:\/\/2.bp.blogspot.com\/-Ickqa2OS_a0\/W_yPHrExcyI\/AAAAAAAA-Zw\/_oA_7v56Rl8GjXGyMP05gU-mwbUHLK3NgCLcBGAs\/s1600\/IMG-20181126-WA0288.jpg\" imageanchor=\"1\" style=\"margin-left: 1em; margin-right: 1em;\"><img loading=\"lazy\" decoding=\"async\" border=\"0\" data-original-height=\"1040\" data-original-width=\"780\" height=\"640\" src=\"http:\/\/blogdoedvaldomagalhaes.com.br\/wp-content\/uploads\/2018\/11\/IMG-20181126-WA0288.jpg\" width=\"480\" \/><\/a><\/div>\n<p><\/p>\n<div class=\"separator\" style=\"clear: both; text-align: center;\">\n<a href=\"https:\/\/4.bp.blogspot.com\/-sXVMUTN6CgQ\/W_yPJRS6G7I\/AAAAAAAA-Z0\/hCCJZk-y_XUouN-cJLok7rzq3L8BoU1pACLcBGAs\/s1600\/IMG-20181126-WA0286.jpg\" imageanchor=\"1\" style=\"margin-left: 1em; margin-right: 1em;\"><img loading=\"lazy\" decoding=\"async\" border=\"0\" data-original-height=\"1040\" data-original-width=\"780\" height=\"640\" src=\"http:\/\/blogdoedvaldomagalhaes.com.br\/wp-content\/uploads\/2018\/11\/IMG-20181126-WA0286.jpg\" width=\"480\" \/><\/a><\/div>\n<div class=\"separator\" style=\"clear: both; text-align: center;\">\n<\/div>\n<div class=\"separator\" style=\"clear: both; text-align: center;\">\n<a href=\"https:\/\/3.bp.blogspot.com\/-BfXfJAn08qs\/W_yYLxkxUTI\/AAAAAAAA-aU\/L2bw_-TuPoYiyYn4CRJ1-3vof7BYnL51QCLcBGAs\/s1600\/ricardo.jpeg\" imageanchor=\"1\" style=\"margin-left: 1em; margin-right: 1em;\"><img loading=\"lazy\" decoding=\"async\" border=\"0\" data-original-height=\"320\" data-original-width=\"240\" height=\"640\" src=\"http:\/\/blogdoedvaldomagalhaes.com.br\/wp-content\/uploads\/2018\/11\/ricardo.jpeg\" width=\"480\" \/><\/a><\/div>\n<div class=\"separator\" style=\"clear: both; text-align: center;\">\n<\/div>\n<div class=\"separator\" style=\"clear: both; text-align: center;\">\nFoto da v\u00edtima: Ricardo<\/div>\n<div class=\"separator\" style=\"clear: both; text-align: center;\">\n<\/div>\n<p><\/p>\n","protected":false},"excerpt":{"rendered":"<p>Fotos: Reprodu\u00e7\u00e3o\/WhatsApp O grave acidente ocorreu na noite desta segunda-feira (26). Segundo informa\u00e7\u00f5es o motociclista conhecido como Ricardo, que consertava&hellip;<\/p>\n","protected":false},"author":1,"featured_media":0,"comment_status":"open","ping_status":"open","sticky":false,"template":"","format":"standard","meta":{"footnotes":""},"categories":[1],"tags":[2,534,6],"class_list":["post-607","post","type-post","status-publish","format-standard","hentry","category-sem-categoria","tag-blog-do-edvaldo-magalhaes","tag-motociclista-morre-apos-colisao-entre-carro-e-moto-na-pe-90-em-surubim","tag-noticias"],"_links":{"self":[{"href":"https:\/\/blogdoedvaldomagalhaes.com.br\/index.php\/wp-json\/wp\/v2\/posts\/607","targetHints":{"allow":["GET"]}}],"collection":[{"href":"https:\/\/blogdoedvaldomagalhaes.com.br\/index.php\/wp-json\/wp\/v2\/posts"}],"about":[{"href":"https:\/\/blogdoedvaldomagalhaes.com.br\/index.php\/wp-json\/wp\/v2\/types\/post"}],"author":[{"embeddable":true,"href":"https:\/\/blogdoedvaldomagalhaes.com.br\/index.php\/wp-json\/wp\/v2\/users\/1"}],"replies":[{"embeddable":true,"href":"https:\/\/blogdoedvaldomagalhaes.com.br\/index.php\/wp-json\/wp\/v2\/comments?post=607"}],"version-history":[{"count":1,"href":"https:\/\/blogdoedvaldomagalhaes.com.br\/index.php\/wp-json\/wp\/v2\/posts\/607\/revisions"}],"predecessor-version":[{"id":36195,"href":"https:\/\/blogdoedvaldomagalhaes.com.br\/index.php\/wp-json\/wp\/v2\/posts\/607\/revisions\/36195"}],"wp:attachment":[{"href":"https:\/\/blogdoedvaldomagalhaes.com.br\/index.php\/wp-json\/wp\/v2\/media?parent=607"}],"wp:term":[{"taxonomy":"category","embeddable":true,"href":"https:\/\/blogdoedvaldomagalhaes.com.br\/index.php\/wp-json\/wp\/v2\/categories?post=607"},{"taxonomy":"post_tag","embeddable":true,"href":"https:\/\/blogdoedvaldomagalhaes.com.br\/index.php\/wp-json\/wp\/v2\/tags?post=607"}],"curies":[{"name":"wp","href":"https:\/\/api.w.org\/{rel}","templated":true}]}}