{"id":606,"date":"2018-11-27T10:21:00","date_gmt":"2018-11-27T12:21:00","guid":{"rendered":"http:\/\/blogdoedvaldomagalhaes.com.br\/index.php\/2018\/11\/27\/chuva-forte-abre-cratera-em-cidade-no\/"},"modified":"2019-02-09T02:43:03","modified_gmt":"2019-02-09T04:43:03","slug":"chuva-forte-abre-cratera-em-cidade-no","status":"publish","type":"post","link":"https:\/\/blogdoedvaldomagalhaes.com.br\/index.php\/2018\/11\/27\/chuva-forte-abre-cratera-em-cidade-no\/","title":{"rendered":"Chuva forte abre cratera em cidade no Agreste de Pernambuco; Veja os v\u00eddeos"},"content":{"rendered":"<div class=\"separator\" style=\"clear: both; text-align: center;\">\n<a href=\"https:\/\/2.bp.blogspot.com\/-OG_9x-1gLL0\/W_0aeE15yYI\/AAAAAAAA-as\/8unOR2VBMakHGdsD-0ZWCA0U5doCIWq6ACLcBGAs\/s1600\/chuva.jpg\" imageanchor=\"1\" style=\"margin-left: 1em; margin-right: 1em;\"><img loading=\"lazy\" decoding=\"async\" border=\"0\" data-original-height=\"232\" data-original-width=\"300\" height=\"494\" src=\"http:\/\/blogdoedvaldomagalhaes.com.br\/wp-content\/uploads\/2018\/11\/chuva.jpg\" width=\"640\" \/><\/a><\/div>\n<div class=\"separator\" style=\"clear: both; text-align: center;\">\nFoto: Reprodu\u00e7\u00e3o\/WhatsApp<\/div>\n<div class=\"separator\" style=\"clear: both; text-align: center;\">\n<\/div>\n<div class=\"post_text\" itemprop=\"description\" style=\"background-color: white; box-sizing: border-box;\">\n<div style=\"box-sizing: border-box; line-height: 24px; margin-bottom: 10px; text-align: justify;\">\nChoveu forte na tarde dessa segunda-feira (26) em Bu\u00edque, Agreste de Pernambuco. Com a for\u00e7a da \u00e1gua, uma cratera se abriu na PE-270, que corta a cidade. O DER informou que vai enviar uma equipe ao local para fazer uma vistoria.<\/p>\n<p>A APAC informou que foram registradas chuvas fortes na regi\u00e3o do Agreste, desde a tarde da segunda-feira (26) at\u00e9 a madrugada de hoje, alcan\u00e7ando 65 mm no munic\u00edpio de Bu\u00edque. A chuva forte abriu uma cratera na PE- 270, onde a climatologia esperada era de 26 mm para todo m\u00eas de novembro.&nbsp; As precipita\u00e7\u00f5es ocorreram por conta da conflu\u00eancia dos ventos, em decorr\u00eancia da zona de converg\u00eancia do atl\u00e2ntico sul, que ocorre nesta \u00e9poca do ano. Ainda h\u00e1 previs\u00e3o de chuvas isoladas para a regi\u00e3o.<\/p>\n<p>\nSegundo a APAC, choveu tamb\u00e9m nos munic\u00edpios de Bel\u00e9m de Maria, Tacaratu, Pedra, Jatob\u00e1, Lagoa dos Gatos, Catende e Serra Talhada.<\/div>\n<div style=\"box-sizing: border-box; line-height: 24px; margin-bottom: 10px; text-align: justify;\">\nNesta ter\u00e7a-feira (27), Pernambuco ter\u00e1 tempo nublado a parcialmente nublado, com pancadas de chuva de forma isolada, segundo a Apac.<\/div>\n<div style=\"box-sizing: border-box; line-height: 24px; margin-bottom: 10px; text-align: justify;\">\nVeja os v\u00eddeos abaixo:&nbsp;<\/p>\n<p><\/p>\n<div class=\"separator\" style=\"clear: both; text-align: center;\">\n<\/div>\n<div class=\"separator\" style=\"clear: both; text-align: center;\">\n<\/div>\n<div class=\"separator\" style=\"clear: both; text-align: center;\">\n<\/div>\n<p><a name='more'><\/a><\/p>\n<p><\/p>\n<div class=\"separator\" style=\"clear: both; text-align: center;\">\n<\/div>\n<div class=\"separator\" style=\"clear: both; text-align: center;\">\n<\/div>\n<div class=\"separator\" style=\"clear: both; text-align: center;\">\n<\/div>\n<div class=\"separator\" style=\"clear: both; text-align: center;\">\n<\/div>\n<div class=\"separator\" style=\"clear: both; text-align: center;\">\n<\/div>\n<div class=\"separator\" style=\"clear: both; text-align: center;\">\n<\/div>\n<div class=\"separator\" style=\"clear: both; text-align: center;\">\n<\/div>\n<div class=\"separator\" style=\"clear: both; text-align: center;\">\n<\/div>\n<div class=\"separator\" style=\"clear: both; text-align: center;\">\n<\/div>\n<p><\/p>\n<div class=\"separator\" style=\"clear: both; text-align: center;\">\n<\/div>\n<div class=\"separator\" style=\"clear: both; text-align: center;\">\n<\/div>\n<\/div>\n<\/div>\n","protected":false},"excerpt":{"rendered":"<p>Foto: Reprodu\u00e7\u00e3o\/WhatsApp Choveu forte na tarde dessa segunda-feira (26) em Bu\u00edque, Agreste de Pernambuco. Com a for\u00e7a da \u00e1gua, uma&hellip;<\/p>\n","protected":false},"author":1,"featured_media":0,"comment_status":"open","ping_status":"open","sticky":false,"template":"","format":"standard","meta":{"footnotes":""},"categories":[1],"tags":[2,533,6],"class_list":["post-606","post","type-post","status-publish","format-standard","hentry","category-sem-categoria","tag-blog-do-edvaldo-magalhaes","tag-chuva-forte-abre-cratera-em-cidade-no-agreste-de-pernambuco-veja-os-videos","tag-noticias"],"_links":{"self":[{"href":"https:\/\/blogdoedvaldomagalhaes.com.br\/index.php\/wp-json\/wp\/v2\/posts\/606","targetHints":{"allow":["GET"]}}],"collection":[{"href":"https:\/\/blogdoedvaldomagalhaes.com.br\/index.php\/wp-json\/wp\/v2\/posts"}],"about":[{"href":"https:\/\/blogdoedvaldomagalhaes.com.br\/index.php\/wp-json\/wp\/v2\/types\/post"}],"author":[{"embeddable":true,"href":"https:\/\/blogdoedvaldomagalhaes.com.br\/index.php\/wp-json\/wp\/v2\/users\/1"}],"replies":[{"embeddable":true,"href":"https:\/\/blogdoedvaldomagalhaes.com.br\/index.php\/wp-json\/wp\/v2\/comments?post=606"}],"version-history":[{"count":1,"href":"https:\/\/blogdoedvaldomagalhaes.com.br\/index.php\/wp-json\/wp\/v2\/posts\/606\/revisions"}],"predecessor-version":[{"id":36197,"href":"https:\/\/blogdoedvaldomagalhaes.com.br\/index.php\/wp-json\/wp\/v2\/posts\/606\/revisions\/36197"}],"wp:attachment":[{"href":"https:\/\/blogdoedvaldomagalhaes.com.br\/index.php\/wp-json\/wp\/v2\/media?parent=606"}],"wp:term":[{"taxonomy":"category","embeddable":true,"href":"https:\/\/blogdoedvaldomagalhaes.com.br\/index.php\/wp-json\/wp\/v2\/categories?post=606"},{"taxonomy":"post_tag","embeddable":true,"href":"https:\/\/blogdoedvaldomagalhaes.com.br\/index.php\/wp-json\/wp\/v2\/tags?post=606"}],"curies":[{"name":"wp","href":"https:\/\/api.w.org\/{rel}","templated":true}]}}