{"id":605,"date":"2018-11-27T12:11:00","date_gmt":"2018-11-27T14:11:00","guid":{"rendered":"http:\/\/blogdoedvaldomagalhaes.com.br\/index.php\/2018\/11\/27\/proprietario-de-mercadinho-em-caruaru\/"},"modified":"2019-02-09T02:43:04","modified_gmt":"2019-02-09T04:43:04","slug":"proprietario-de-mercadinho-em-caruaru","status":"publish","type":"post","link":"https:\/\/blogdoedvaldomagalhaes.com.br\/index.php\/2018\/11\/27\/proprietario-de-mercadinho-em-caruaru\/","title":{"rendered":"Propriet\u00e1rio de Mercadinho em Caruaru sofre tentativa de homic\u00eddio"},"content":{"rendered":"<div class=\"separator\" style=\"clear: both; text-align: center;\">\n<a href=\"https:\/\/3.bp.blogspot.com\/-C8zfE-3ddp8\/W_0y5BN-GQI\/AAAAAAAA-a4\/rhrCNnFrsrwBZsaNBJVeTldiYk8q3A7YwCLcBGAs\/s1600\/IMG-20181127-WA0045.jpg\" imageanchor=\"1\" style=\"margin-left: 1em; margin-right: 1em;\"><img loading=\"lazy\" decoding=\"async\" border=\"0\" data-original-height=\"1040\" data-original-width=\"780\" height=\"640\" src=\"http:\/\/blogdoedvaldomagalhaes.com.br\/wp-content\/uploads\/2018\/11\/IMG-20181127-WA0045.jpg\" width=\"480\" \/><\/a><\/div>\n<div class=\"separator\" style=\"clear: both; text-align: center;\">\nFoto: Reprodu\u00e7\u00e3o\/Whatsapp&nbsp;<\/div>\n<div class=\"separator\" style=\"clear: both; text-align: center;\">\n<\/div>\n<div style=\"text-align: justify;\">\nO propriet\u00e1rio de um Mercadinho, Ger\u00f4ncio Jos\u00e9 de Souza Silva, de 28 anos, sofreu uma tentativa de homic\u00eddio na manh\u00e3 desta ter\u00e7a-feira (27), na rua Bar\u00e3o de Caruaru, no bairro Salgado. A v\u00edtima foi atingida por tr\u00eas disparos de arma de fogo, sendo no t\u00f3rax, bra\u00e7o e m\u00e3o, socorrida por familiares para a UPA do Salgado, depois transferida para o Hospital Regional do Agreste, estando na Sala Vermelha.&nbsp;<\/p>\n<p><\/p>\n<div class=\"separator\" style=\"clear: both; text-align: center;\">\n<a href=\"https:\/\/4.bp.blogspot.com\/-0tyEGq8albQ\/W_02O90QFHI\/AAAAAAAA-bI\/Riox-MegwOUuub5SVfbmlE3j-SBF-MfLACLcBGAs\/s1600\/IMG-20181127-WA0033.jpg\" imageanchor=\"1\" style=\"margin-left: 1em; margin-right: 1em;\"><img loading=\"lazy\" decoding=\"async\" border=\"0\" data-original-height=\"1280\" data-original-width=\"720\" height=\"640\" src=\"http:\/\/blogdoedvaldomagalhaes.com.br\/wp-content\/uploads\/2018\/11\/IMG-20181127-WA0033.jpg\" width=\"360\" \/><\/a><\/div>\n<p><\/div>\n","protected":false},"excerpt":{"rendered":"<p>Foto: Reprodu\u00e7\u00e3o\/Whatsapp&nbsp; O propriet\u00e1rio de um Mercadinho, Ger\u00f4ncio Jos\u00e9 de Souza Silva, de 28 anos, sofreu uma tentativa de homic\u00eddio&hellip;<\/p>\n","protected":false},"author":1,"featured_media":0,"comment_status":"open","ping_status":"open","sticky":false,"template":"","format":"standard","meta":{"footnotes":""},"categories":[1],"tags":[2,13,532],"class_list":["post-605","post","type-post","status-publish","format-standard","hentry","category-sem-categoria","tag-blog-do-edvaldo-magalhaes","tag-policial","tag-proprietario-de-mercadinho-em-caruaru-sofre-tentativa-de-homicidio"],"_links":{"self":[{"href":"https:\/\/blogdoedvaldomagalhaes.com.br\/index.php\/wp-json\/wp\/v2\/posts\/605","targetHints":{"allow":["GET"]}}],"collection":[{"href":"https:\/\/blogdoedvaldomagalhaes.com.br\/index.php\/wp-json\/wp\/v2\/posts"}],"about":[{"href":"https:\/\/blogdoedvaldomagalhaes.com.br\/index.php\/wp-json\/wp\/v2\/types\/post"}],"author":[{"embeddable":true,"href":"https:\/\/blogdoedvaldomagalhaes.com.br\/index.php\/wp-json\/wp\/v2\/users\/1"}],"replies":[{"embeddable":true,"href":"https:\/\/blogdoedvaldomagalhaes.com.br\/index.php\/wp-json\/wp\/v2\/comments?post=605"}],"version-history":[{"count":1,"href":"https:\/\/blogdoedvaldomagalhaes.com.br\/index.php\/wp-json\/wp\/v2\/posts\/605\/revisions"}],"predecessor-version":[{"id":36200,"href":"https:\/\/blogdoedvaldomagalhaes.com.br\/index.php\/wp-json\/wp\/v2\/posts\/605\/revisions\/36200"}],"wp:attachment":[{"href":"https:\/\/blogdoedvaldomagalhaes.com.br\/index.php\/wp-json\/wp\/v2\/media?parent=605"}],"wp:term":[{"taxonomy":"category","embeddable":true,"href":"https:\/\/blogdoedvaldomagalhaes.com.br\/index.php\/wp-json\/wp\/v2\/categories?post=605"},{"taxonomy":"post_tag","embeddable":true,"href":"https:\/\/blogdoedvaldomagalhaes.com.br\/index.php\/wp-json\/wp\/v2\/tags?post=605"}],"curies":[{"name":"wp","href":"https:\/\/api.w.org\/{rel}","templated":true}]}}