{"id":604,"date":"2018-11-27T12:27:00","date_gmt":"2018-11-27T14:27:00","guid":{"rendered":"http:\/\/blogdoedvaldomagalhaes.com.br\/index.php\/2018\/11\/27\/diocese-de-caruaru-anuncia\/"},"modified":"2019-02-09T02:43:05","modified_gmt":"2019-02-09T04:43:05","slug":"diocese-de-caruaru-anuncia","status":"publish","type":"post","link":"https:\/\/blogdoedvaldomagalhaes.com.br\/index.php\/2018\/11\/27\/diocese-de-caruaru-anuncia\/","title":{"rendered":"Diocese de Caruaru anuncia transfer\u00eancias de Padres de algumas cidades"},"content":{"rendered":"<div class=\"separator\" style=\"clear: both; text-align: center;\">\n<\/div>\n<p>&nbsp;<a href=\"https:\/\/3.bp.blogspot.com\/-7d94XCfcQZg\/W_03On9hIeI\/AAAAAAAA-bU\/hYJyQMe5iw4WTO2cetsj87rLssgP3NsHwCLcBGAs\/s1600\/IMG_20181127_084126702.jpg\" imageanchor=\"1\" style=\"margin-left: 1em; margin-right: 1em; text-align: center;\"><img loading=\"lazy\" decoding=\"async\" border=\"0\" data-original-height=\"1200\" data-original-width=\"1600\" height=\"480\" src=\"http:\/\/blogdoedvaldomagalhaes.com.br\/wp-content\/uploads\/2018\/11\/IMG_20181127_084126702.jpg\" width=\"640\" \/><\/a><\/p>\n<div style=\"text-align: right;\">\n<div style=\"text-align: justify;\">\nA Diocese de Caruaru realiza nesta manh\u00e3 de ter\u00e7a- feira (27), reni\u00e3o do Clero, no Centro Diocesano Jesus Mestre, no bairro Petr\u00f3polis, em Caruaru. Dom Bernardino Marchi\u00f3 anunciou algumas transfer\u00eancias de Padres, novos Administradores Paroquiais, Est\u00e1gios Pastorais dos novos Di\u00e1conos, Coordena\u00e7\u00f5es Pastorais e Movimentos.<\/p>\n<div class=\"separator\" style=\"clear: both; text-align: center;\">\n<a href=\"https:\/\/3.bp.blogspot.com\/-Hke85zf8Dys\/W_2rrAYbOiI\/AAAAAAAA-ec\/bGonf3dfnl8bV-68VhdxVkhKxSE50d6DwCLcBGAs\/s1600\/IMG_20181127_084020483.jpg\" imageanchor=\"1\" style=\"margin-left: 1em; margin-right: 1em;\"><img loading=\"lazy\" decoding=\"async\" border=\"0\" data-original-height=\"1200\" data-original-width=\"1600\" height=\"480\" src=\"http:\/\/blogdoedvaldomagalhaes.com.br\/wp-content\/uploads\/2018\/11\/IMG_20181127_084020483.jpg\" width=\"640\" \/><\/a><\/div>\n<p>\n&nbsp;Confira as nomea\u00e7\u00f5es e transfer\u00eancias abaixo:<\/p>\n<p><b>Par\u00f3quias vacantes e transfer\u00eancias:<\/b><br \/>\n<b><br \/><\/b><br \/>\n1. Par\u00f3quia S\u00e3o Caetano (S\u00e3o Caitano)<\/p>\n<p>P\u00e1roco: Par\u00f3quia Luciano Monteiro.<\/p>\n<p>Vig\u00e1rio paroquial: Pe. Vagner Caetano Pereira<\/p>\n<p>2. Par\u00f3quia S\u00e3o Jos\u00e9 (Ch\u00e3 Grande)<\/p>\n<p>P\u00e1roco: Pe. Diozene Francisco dos Santos.<\/p>\n<p>3. Par\u00f3quia Santo Ant\u00f4nio (Tacaimb\u00f3)<\/p>\n<p>Administrador Paroquial: Pe. Jos\u00e9 Edeilson Barbosa<\/p>\n<p>4. Par\u00f3quia Nossa Senhora de Guadalupe (Caruaru)<\/p>\n<p>Administrador Paroquial: Pe. Paulo Jorge da Silva<\/p>\n<p><b>P\u00e1rocos e Administradores Paroquiais das novas Par\u00f3quias<\/b><\/p>\n<p>1. Par\u00f3quia Santa Teresinha e seus pais, os Santos Luiz e Z\u00e9lia<\/p>\n<p>Pe. Silvano Onofre de Amorim<\/p>\n<p>Pe. Renan Sebasti\u00e3o da Silva<\/p>\n<p>2. Par\u00f3quia Nossa Senhora das Gra\u00e7as (Cidade Jardim)<\/p>\n<p>Pe. Edson Alves da Cunha<\/p>\n<p>3. Par\u00f3quia Cristo Rei do Universo (S\u00e3o Caitano)<\/p>\n<p>Pe. Joseilson Gomes de Azevedo<\/p>\n<p>4. Par\u00f3quia Santo Agostinho (Santa Cruz do Capibaribe)<\/p>\n<p>Pe. Erasmo Deodato dos Santos<\/p>\n<p>5. Par\u00f3quia Nossa Senhora das Gra\u00e7as (Nova Caruaru)<\/p>\n<p>Pe. Heleno Jos\u00e9 Vieira<\/p>\n<p>6. \u00c1rea Pastoral Santa Rita (Santa Cruz do Capibaribe)<\/p>\n<p>Pe. Jos\u00e9 de Lima Ara\u00fajo<\/p>\n<p><b>Est\u00e1gios pastorais e novos Di\u00e1conos<\/b><\/p>\n<p>1. Jos\u00e9 Valter da Silva: Pastoral Vocacional e colabora\u00e7\u00e3o na Par\u00f3quia Nossa Senhora do Ros\u00e1rio<\/p>\n<p>2. Josu\u00e9 Jos\u00e9 de Torres: Pastoral da Crian\u00e7a e colabora\u00e7\u00e3o na Par\u00f3quia Nossa Senhora de Guadalupe<\/p>\n<p>3. Luciano Campos: C\u00e1ritas Diocesana e colabora\u00e7\u00e3o na \u00c1rea Pastoral S\u00e3o Jos\u00e9 do Alto do Moura<\/p>\n<p>4. S\u00e9rgio Fernando de Lima: Coopera\u00e7\u00e3o Mission\u00e1ria (COMIDI) \u00e9 colabora\u00e7\u00e3o na Par\u00f3quia S\u00e3o Bento.<\/p>\n<p><b>Coordena\u00e7\u00f5es pastorais e movimentos<\/b><\/p>\n<p>1. Equipes de Nossa Senhora: Luciano Campos<\/p>\n<p>2. Comiss\u00e3o de Ecumenismo e di\u00e1logo inter-religioso: Pe. Paulo Jos\u00e9 da Silva<\/p>\n<p>3. Dire\u00e7\u00e3o da Fafica: Pe. Jos\u00e9 Bartolomeu F\u00e9lix da Silva<\/p>\n<p>4. Servi\u00e7o de Anima\u00e7\u00e3o Vocacional: Jos\u00e9 Valter da Silva<\/p>\n<p><b>Observa\u00e7\u00f5es:<\/b><\/p>\n<p>Presb\u00edteros e di\u00e1conos n\u00e3o contemplados nesta lista continuam os seus compromissos pastorais onde j\u00e1 est\u00e3o atuando;<br \/>\nOs presb\u00edteros: Pe. Carlos Augusto, Pe. Jos\u00e9 Fernando, Pe. Edmilson Jos\u00e9 e Pe. Eronildo Cruz, est\u00e3o provisoriamente fora da Diocese;<\/p>\n<p>\u00c9 prevista a cria\u00e7\u00e3o de novas \u00c1reas Pastorais para continuar o processo de a\u00e7\u00e3o evangelizadora nas periferias, novos loteamentos e cond\u00f4minos.<\/p>\n<p><\/p>\n<div class=\"separator\" style=\"clear: both; text-align: center;\">\n<a href=\"https:\/\/4.bp.blogspot.com\/-tVS82fPEk-4\/W_08UIIV3GI\/AAAAAAAA-bk\/1-L94oedXMYVZssixlk5OjuGl8eTsh7ngCLcBGAs\/s1600\/IMG-20181127-WA0105.jpg\" imageanchor=\"1\" style=\"margin-left: 1em; margin-right: 1em;\"><img loading=\"lazy\" decoding=\"async\" border=\"0\" data-original-height=\"1280\" data-original-width=\"960\" height=\"640\" src=\"http:\/\/blogdoedvaldomagalhaes.com.br\/wp-content\/uploads\/2018\/11\/IMG-20181127-WA0105.jpg\" width=\"480\" \/><\/a><\/div>\n<p><\/p>\n<div class=\"separator\" style=\"clear: both; text-align: center;\">\n<a href=\"https:\/\/2.bp.blogspot.com\/-BPlonJZ2FK4\/W_08WdM26nI\/AAAAAAAA-bo\/AnNalUNQoGEYeJCQqsJcRi5-dvHZd6z5gCLcBGAs\/s1600\/IMG-20181127-WA0106.jpg\" imageanchor=\"1\" style=\"margin-left: 1em; margin-right: 1em;\"><img loading=\"lazy\" decoding=\"async\" border=\"0\" data-original-height=\"1280\" data-original-width=\"960\" height=\"640\" src=\"http:\/\/blogdoedvaldomagalhaes.com.br\/wp-content\/uploads\/2018\/11\/IMG-20181127-WA0106.jpg\" width=\"480\" \/><\/a><\/div>\n<div style=\"text-align: justify;\">\nDurante a reuni\u00e3o do Clero, Dom Dino anunciou a cria\u00e7\u00e3o de mais uma Par\u00f3quia na Diocese de Caruaru, que ser\u00e1 no bairro Nova Caruaru.<\/div>\n<div style=\"text-align: justify;\">\n<\/div>\n<div class=\"separator\" style=\"clear: both; text-align: center;\">\n<a href=\"https:\/\/2.bp.blogspot.com\/-tnqWQOY1Vjc\/W_13gx1HxpI\/AAAAAAAA-c8\/1rX0UFOlI5A58rmZ6_SJl-2mSMJxevwwQCLcBGAs\/s1600\/paroquia.jpg\" imageanchor=\"1\" style=\"margin-left: 1em; margin-right: 1em;\"><img loading=\"lazy\" decoding=\"async\" border=\"0\" data-original-height=\"960\" data-original-width=\"960\" height=\"640\" src=\"http:\/\/blogdoedvaldomagalhaes.com.br\/wp-content\/uploads\/2018\/11\/paroquia.jpg\" width=\"640\" \/><\/a><\/div>\n<div style=\"text-align: justify;\">\n<\/div>\n<\/div>\n<\/div>\n","protected":false},"excerpt":{"rendered":"<p>&nbsp; A Diocese de Caruaru realiza nesta manh\u00e3 de ter\u00e7a- feira (27), reni\u00e3o do Clero, no Centro Diocesano Jesus Mestre,&hellip;<\/p>\n","protected":false},"author":1,"featured_media":0,"comment_status":"open","ping_status":"open","sticky":false,"template":"","format":"standard","meta":{"footnotes":""},"categories":[1],"tags":[2,531,6],"class_list":["post-604","post","type-post","status-publish","format-standard","hentry","category-sem-categoria","tag-blog-do-edvaldo-magalhaes","tag-diocese-de-caruaru-anuncia-transferencias-de-padres-de-algumas-cidades","tag-noticias"],"_links":{"self":[{"href":"https:\/\/blogdoedvaldomagalhaes.com.br\/index.php\/wp-json\/wp\/v2\/posts\/604","targetHints":{"allow":["GET"]}}],"collection":[{"href":"https:\/\/blogdoedvaldomagalhaes.com.br\/index.php\/wp-json\/wp\/v2\/posts"}],"about":[{"href":"https:\/\/blogdoedvaldomagalhaes.com.br\/index.php\/wp-json\/wp\/v2\/types\/post"}],"author":[{"embeddable":true,"href":"https:\/\/blogdoedvaldomagalhaes.com.br\/index.php\/wp-json\/wp\/v2\/users\/1"}],"replies":[{"embeddable":true,"href":"https:\/\/blogdoedvaldomagalhaes.com.br\/index.php\/wp-json\/wp\/v2\/comments?post=604"}],"version-history":[{"count":1,"href":"https:\/\/blogdoedvaldomagalhaes.com.br\/index.php\/wp-json\/wp\/v2\/posts\/604\/revisions"}],"predecessor-version":[{"id":36206,"href":"https:\/\/blogdoedvaldomagalhaes.com.br\/index.php\/wp-json\/wp\/v2\/posts\/604\/revisions\/36206"}],"wp:attachment":[{"href":"https:\/\/blogdoedvaldomagalhaes.com.br\/index.php\/wp-json\/wp\/v2\/media?parent=604"}],"wp:term":[{"taxonomy":"category","embeddable":true,"href":"https:\/\/blogdoedvaldomagalhaes.com.br\/index.php\/wp-json\/wp\/v2\/categories?post=604"},{"taxonomy":"post_tag","embeddable":true,"href":"https:\/\/blogdoedvaldomagalhaes.com.br\/index.php\/wp-json\/wp\/v2\/tags?post=604"}],"curies":[{"name":"wp","href":"https:\/\/api.w.org\/{rel}","templated":true}]}}