{"id":60348,"date":"2020-08-19T10:06:11","date_gmt":"2020-08-19T13:06:11","guid":{"rendered":"https:\/\/blogdoedvaldomagalhaes.com.br\/?p=60348"},"modified":"2020-08-19T10:06:18","modified_gmt":"2020-08-19T13:06:18","slug":"pm-intensifica-acoes-contra-trafico-em-cidades-da-zona-da-mata-sul-de-pernambuco","status":"publish","type":"post","link":"https:\/\/blogdoedvaldomagalhaes.com.br\/index.php\/2020\/08\/19\/pm-intensifica-acoes-contra-trafico-em-cidades-da-zona-da-mata-sul-de-pernambuco\/","title":{"rendered":"PM intensifica a\u00e7\u00f5es contra tr\u00e1fico em cidades da Zona da Mata Sul de Pernambuco"},"content":{"rendered":"<p style=\"text-align: justify;\"><span style=\"font-size: inherit;\">Com opera\u00e7\u00f5es em pelo menos tr\u00eas cidades, o 10\u00ba BPM, Batalh\u00e3o Joaquim Nabuco, intensificou o combate ao tr\u00e1fico de drogas na Mata Sul de Pernambuco. Ao final, o balan\u00e7o positivo de muitos entorpecentes e armas apreendidos e oito suspeitos presos.<\/span><\/p>\n<p style=\"text-align: justify;\">Em Cort\u00eas, por volta das 17h, na localidade conhecida como Nova Cort\u00eas, o efetivo realizou a pris\u00e3o de tr\u00eas homens, apreendendo com o trio um rev\u00f3lver calibre 38 com tr\u00eas muni\u00e7\u00f5es, 44 big bigs de maconha, 49 pedras de crack, quatro celulares e R$ 68,00 em esp\u00e9cie.<\/p>\n<p style=\"text-align: justify;\">No mesmo hor\u00e1rio, em Quipap\u00e1, no distrito Cruzeiro do Gongo, um suspeito foi capturado. Com ele, a equipe encontrou uma pistola calibre .40 com18 muni\u00e7\u00f5es, um rev\u00f3lver calibre 38 e 15 muni\u00e7\u00f5es, dois tabletes de maconha, um celular e dois ve\u00edculos, sendo um deles clonado.<\/p>\n<p style=\"text-align: justify;\">Mais cedo, em Joaquim Nabuco, numa \u00e1rea conhecida como Casas Novas, os PMs, com apoio do BEPI, capturaram quatro pessoas. Os detidos estavam com duas espingardas, sendo uma calibre 32, com dez muni\u00e7\u00f5es, e a outra, calibre 36, com 11 muni\u00e7\u00f5es, 203 big bigs de maconha, 16 pedras de crack, tr\u00eas celulares e R$ 550,00 em esp\u00e9cie.<\/p>\n<p style=\"text-align: justify;\">Todos os suspeitos e os materiais apreendidos foram apresentados nas delegacias das cidades onde foram presos para as formalidades legais das pris\u00f5es em flagrante delito.<\/p>\n","protected":false},"excerpt":{"rendered":"<p>Com opera\u00e7\u00f5es em pelo menos tr\u00eas cidades, o 10\u00ba BPM, Batalh\u00e3o Joaquim Nabuco, intensificou o combate ao tr\u00e1fico de drogas&hellip;<\/p>\n","protected":false},"author":1,"featured_media":60349,"comment_status":"open","ping_status":"open","sticky":false,"template":"","format":"standard","meta":{"footnotes":""},"categories":[14121],"tags":[2,19274,6173],"class_list":["post-60348","post","type-post","status-publish","format-standard","has-post-thumbnail","hentry","category-policial","tag-blog-do-edvaldo-magalhaes","tag-pm-intensifica-acoes-contra-trafico-em-cidades-da-zona-da-mata-sul-de-pernambuco","tag-policia-militar"],"_links":{"self":[{"href":"https:\/\/blogdoedvaldomagalhaes.com.br\/index.php\/wp-json\/wp\/v2\/posts\/60348","targetHints":{"allow":["GET"]}}],"collection":[{"href":"https:\/\/blogdoedvaldomagalhaes.com.br\/index.php\/wp-json\/wp\/v2\/posts"}],"about":[{"href":"https:\/\/blogdoedvaldomagalhaes.com.br\/index.php\/wp-json\/wp\/v2\/types\/post"}],"author":[{"embeddable":true,"href":"https:\/\/blogdoedvaldomagalhaes.com.br\/index.php\/wp-json\/wp\/v2\/users\/1"}],"replies":[{"embeddable":true,"href":"https:\/\/blogdoedvaldomagalhaes.com.br\/index.php\/wp-json\/wp\/v2\/comments?post=60348"}],"version-history":[{"count":1,"href":"https:\/\/blogdoedvaldomagalhaes.com.br\/index.php\/wp-json\/wp\/v2\/posts\/60348\/revisions"}],"predecessor-version":[{"id":60350,"href":"https:\/\/blogdoedvaldomagalhaes.com.br\/index.php\/wp-json\/wp\/v2\/posts\/60348\/revisions\/60350"}],"wp:featuredmedia":[{"embeddable":true,"href":"https:\/\/blogdoedvaldomagalhaes.com.br\/index.php\/wp-json\/wp\/v2\/media\/60349"}],"wp:attachment":[{"href":"https:\/\/blogdoedvaldomagalhaes.com.br\/index.php\/wp-json\/wp\/v2\/media?parent=60348"}],"wp:term":[{"taxonomy":"category","embeddable":true,"href":"https:\/\/blogdoedvaldomagalhaes.com.br\/index.php\/wp-json\/wp\/v2\/categories?post=60348"},{"taxonomy":"post_tag","embeddable":true,"href":"https:\/\/blogdoedvaldomagalhaes.com.br\/index.php\/wp-json\/wp\/v2\/tags?post=60348"}],"curies":[{"name":"wp","href":"https:\/\/api.w.org\/{rel}","templated":true}]}}