{"id":60339,"date":"2020-08-18T23:00:56","date_gmt":"2020-08-19T02:00:56","guid":{"rendered":"https:\/\/blogdoedvaldomagalhaes.com.br\/?p=60339"},"modified":"2020-08-18T23:01:45","modified_gmt":"2020-08-19T02:01:45","slug":"policia-apreende-em-gravata-arsenal-que-seria-usado-por-grupo-criminoso-em-ataque-ao-sistema-prisional","status":"publish","type":"post","link":"https:\/\/blogdoedvaldomagalhaes.com.br\/index.php\/2020\/08\/18\/policia-apreende-em-gravata-arsenal-que-seria-usado-por-grupo-criminoso-em-ataque-ao-sistema-prisional\/","title":{"rendered":"Pol\u00edcia apreende em Gravat\u00e1 arsenal que seria usado por grupo criminoso em ataque ao sistema prisional"},"content":{"rendered":"<p style=\"text-align: justify;\">Uma opera\u00e7\u00e3o da Pol\u00edcia Civil apreendeu grande quantidade de armas e muni\u00e7\u00f5es em Gravat\u00e1, Agreste de Pernambuco. A a\u00e7\u00e3o, denominada de \u2018Cons\u00f3rcio do Crime\u2019, foi realizada na manh\u00e3 desta ter\u00e7a-feira (18).<\/p>\n<p style=\"text-align: justify;\">As investiga\u00e7\u00f5es foram iniciadas em abril deste ano, com o objetivo de identificar e desarticular organiza\u00e7\u00e3o criminosa armada que planejava ataque ao sistema prisional. Cinco integrantes do grupo foram presos durante a opera\u00e7\u00e3o.<\/p>\n<p style=\"text-align: justify;\">Os detalhes da opera\u00e7\u00e3o ser\u00e3o apresentados na manh\u00e3 desta quarta-feira (19), durante entrevista coletiva, na Sede Operacional da Pol\u00edcia Civil, no Recife.<\/p>\n","protected":false},"excerpt":{"rendered":"<p>Uma opera\u00e7\u00e3o da Pol\u00edcia Civil apreendeu grande quantidade de armas e muni\u00e7\u00f5es em Gravat\u00e1, Agreste de Pernambuco. A a\u00e7\u00e3o, denominada&hellip;<\/p>\n","protected":false},"author":1,"featured_media":60340,"comment_status":"open","ping_status":"open","sticky":false,"template":"","format":"standard","meta":{"footnotes":""},"categories":[14121],"tags":[2,16881,19272],"class_list":["post-60339","post","type-post","status-publish","format-standard","has-post-thumbnail","hentry","category-policial","tag-blog-do-edvaldo-magalhaes","tag-caruaru-e-regiao","tag-policia-apreende-em-gravata-arsenal-que-seria-usado-por-grupo-criminoso-em-ataque-ao-sistema-prisional"],"_links":{"self":[{"href":"https:\/\/blogdoedvaldomagalhaes.com.br\/index.php\/wp-json\/wp\/v2\/posts\/60339","targetHints":{"allow":["GET"]}}],"collection":[{"href":"https:\/\/blogdoedvaldomagalhaes.com.br\/index.php\/wp-json\/wp\/v2\/posts"}],"about":[{"href":"https:\/\/blogdoedvaldomagalhaes.com.br\/index.php\/wp-json\/wp\/v2\/types\/post"}],"author":[{"embeddable":true,"href":"https:\/\/blogdoedvaldomagalhaes.com.br\/index.php\/wp-json\/wp\/v2\/users\/1"}],"replies":[{"embeddable":true,"href":"https:\/\/blogdoedvaldomagalhaes.com.br\/index.php\/wp-json\/wp\/v2\/comments?post=60339"}],"version-history":[{"count":2,"href":"https:\/\/blogdoedvaldomagalhaes.com.br\/index.php\/wp-json\/wp\/v2\/posts\/60339\/revisions"}],"predecessor-version":[{"id":60342,"href":"https:\/\/blogdoedvaldomagalhaes.com.br\/index.php\/wp-json\/wp\/v2\/posts\/60339\/revisions\/60342"}],"wp:featuredmedia":[{"embeddable":true,"href":"https:\/\/blogdoedvaldomagalhaes.com.br\/index.php\/wp-json\/wp\/v2\/media\/60340"}],"wp:attachment":[{"href":"https:\/\/blogdoedvaldomagalhaes.com.br\/index.php\/wp-json\/wp\/v2\/media?parent=60339"}],"wp:term":[{"taxonomy":"category","embeddable":true,"href":"https:\/\/blogdoedvaldomagalhaes.com.br\/index.php\/wp-json\/wp\/v2\/categories?post=60339"},{"taxonomy":"post_tag","embeddable":true,"href":"https:\/\/blogdoedvaldomagalhaes.com.br\/index.php\/wp-json\/wp\/v2\/tags?post=60339"}],"curies":[{"name":"wp","href":"https:\/\/api.w.org\/{rel}","templated":true}]}}