{"id":60336,"date":"2020-08-18T21:49:16","date_gmt":"2020-08-19T00:49:16","guid":{"rendered":"https:\/\/blogdoedvaldomagalhaes.com.br\/?p=60336"},"modified":"2020-08-18T21:49:22","modified_gmt":"2020-08-19T00:49:22","slug":"orcamento-de-caruaru-para-2021-sera-discutido-em-audiencia-publica-online","status":"publish","type":"post","link":"https:\/\/blogdoedvaldomagalhaes.com.br\/index.php\/2020\/08\/18\/orcamento-de-caruaru-para-2021-sera-discutido-em-audiencia-publica-online\/","title":{"rendered":"Or\u00e7amento de Caruaru para 2021 ser\u00e1 discutido em audi\u00eancia p\u00fablica online"},"content":{"rendered":"<p style=\"text-align: justify;\"><span style=\"font-size: inherit;\">Nesta quarta-feira (19), \u00e0s 10h30, a C\u00e2mara Municipal de Caruaru discute, atrav\u00e9s de uma audi\u00eancia p\u00fablica, a Lei de Diretrizes Or\u00e7ament\u00e1rias, a LDO. O projeto chegou \u00e0 Casa no in\u00edcio de agosto e agora a popula\u00e7\u00e3o tem a oportunidade de sugerir como o dinheiro p\u00fablico ser\u00e1 usado no pr\u00f3ximo ano.<\/span><\/p>\n<p style=\"text-align: justify;\"><span style=\"font-size: inherit;\">A Lei de Diretrizes Or\u00e7ament\u00e1rias (LDO) faz parte da constru\u00e7\u00e3o da Lei Or\u00e7ament\u00e1ria Anual (LOA), e juntas, elas definem como e quanto o dinheiro p\u00fablico ser\u00e1 usado em educa\u00e7\u00e3o, seguran\u00e7a, sa\u00fade e outras \u00e1reas importantes.<\/span><\/p>\n<p style=\"text-align: justify;\">O PL da LDO precisa ser constru\u00eddo, analisado e votado at\u00e9 o dia 31 de agosto, quando \u00e9 devolvido para a san\u00e7\u00e3o do Poder Executivo. Em outubro, \u00e9 a vez da LOA entrar em pauta na C\u00e2mara.<\/p>\n<p style=\"text-align: justify;\"><span style=\"font-size: inherit;\">Por ocasi\u00e3o da pandemia, a audi\u00eancia p\u00fablica ser\u00e1 virtual. O cidad\u00e3o que quiser participar, poder\u00e1 fazer perguntas e sugest\u00f5es atrav\u00e9s do Facebook do Poder Legislativo de Caruaru (http:\/\/facebook.com\/legislativocaruaru), onde a audi\u00eancia ser\u00e1 transmitida. A popula\u00e7\u00e3o tamb\u00e9m poder\u00e1 acompanhar pelo canal 22.2 na TV C\u00e2mara Caruaru.<\/span><\/p>\n<p style=\"text-align: justify;\">O evento deve contar com a presen\u00e7a do Diretor da CESPAM, Bernardo Barbosa, Secret\u00e1rio da Fazenda Municipal e Secret\u00e1rio de Or\u00e7amento, Planejamento e Gest\u00e3o, Diogo Bezerra, al\u00e9m dos vereadores e a vereadora.<\/p>\n<p>Foto: Vladimir Rodrigues.<\/p>\n","protected":false},"excerpt":{"rendered":"<p>Nesta quarta-feira (19), \u00e0s 10h30, a C\u00e2mara Municipal de Caruaru discute, atrav\u00e9s de uma audi\u00eancia p\u00fablica, a Lei de Diretrizes&hellip;<\/p>\n","protected":false},"author":1,"featured_media":60337,"comment_status":"open","ping_status":"open","sticky":false,"template":"","format":"standard","meta":{"footnotes":""},"categories":[14122],"tags":[4476,16881,19271],"class_list":["post-60336","post","type-post","status-publish","format-standard","has-post-thumbnail","hentry","category-politica","tag-camara-de-vereadores-de-caruaru","tag-caruaru-e-regiao","tag-orcamento-de-caruaru-para-2021-sera-discutido-em-audiencia-publica-online"],"_links":{"self":[{"href":"https:\/\/blogdoedvaldomagalhaes.com.br\/index.php\/wp-json\/wp\/v2\/posts\/60336","targetHints":{"allow":["GET"]}}],"collection":[{"href":"https:\/\/blogdoedvaldomagalhaes.com.br\/index.php\/wp-json\/wp\/v2\/posts"}],"about":[{"href":"https:\/\/blogdoedvaldomagalhaes.com.br\/index.php\/wp-json\/wp\/v2\/types\/post"}],"author":[{"embeddable":true,"href":"https:\/\/blogdoedvaldomagalhaes.com.br\/index.php\/wp-json\/wp\/v2\/users\/1"}],"replies":[{"embeddable":true,"href":"https:\/\/blogdoedvaldomagalhaes.com.br\/index.php\/wp-json\/wp\/v2\/comments?post=60336"}],"version-history":[{"count":1,"href":"https:\/\/blogdoedvaldomagalhaes.com.br\/index.php\/wp-json\/wp\/v2\/posts\/60336\/revisions"}],"predecessor-version":[{"id":60338,"href":"https:\/\/blogdoedvaldomagalhaes.com.br\/index.php\/wp-json\/wp\/v2\/posts\/60336\/revisions\/60338"}],"wp:featuredmedia":[{"embeddable":true,"href":"https:\/\/blogdoedvaldomagalhaes.com.br\/index.php\/wp-json\/wp\/v2\/media\/60337"}],"wp:attachment":[{"href":"https:\/\/blogdoedvaldomagalhaes.com.br\/index.php\/wp-json\/wp\/v2\/media?parent=60336"}],"wp:term":[{"taxonomy":"category","embeddable":true,"href":"https:\/\/blogdoedvaldomagalhaes.com.br\/index.php\/wp-json\/wp\/v2\/categories?post=60336"},{"taxonomy":"post_tag","embeddable":true,"href":"https:\/\/blogdoedvaldomagalhaes.com.br\/index.php\/wp-json\/wp\/v2\/tags?post=60336"}],"curies":[{"name":"wp","href":"https:\/\/api.w.org\/{rel}","templated":true}]}}