{"id":60329,"date":"2020-08-18T20:03:32","date_gmt":"2020-08-18T23:03:32","guid":{"rendered":"https:\/\/blogdoedvaldomagalhaes.com.br\/?p=60329"},"modified":"2020-08-18T20:03:38","modified_gmt":"2020-08-18T23:03:38","slug":"mototaxistas-de-caruaru-farao-teste-de-covid-19-nesta-quinta-feira-20","status":"publish","type":"post","link":"https:\/\/blogdoedvaldomagalhaes.com.br\/index.php\/2020\/08\/18\/mototaxistas-de-caruaru-farao-teste-de-covid-19-nesta-quinta-feira-20\/","title":{"rendered":"Mototaxistas de Caruaru far\u00e3o teste de Covid-19 nesta quinta-feira (20)"},"content":{"rendered":"<p style=\"text-align: justify;\"><span style=\"font-size: inherit;\">A Secretaria de Sa\u00fade de Caruaru realiza nesta <\/span><span style=\"font-size: inherit;\">quinta-feira (20), no Espa\u00e7o Cultural Tancredo Neves, uma manh\u00e3 de testagem nos mototaxistas dos munic\u00edpios.<\/span><\/p>\n<p style=\"text-align: justify;\">A a\u00e7\u00e3o ser\u00e1 voltada especialmente para a classe dos mototaxistas devidamente cadastrados em Caruaru. Para realizar a testagem, os profissionais precisam preencher os requisitos previstos pelo Minist\u00e9rio da Sa\u00fade para os sintomas de Covid-19.<\/p>\n<p style=\"text-align: justify;\">\u00c9 necess\u00e1rio apresentar no local um documento com foto e n\u00famero de registro da categoria. A testagem ser\u00e1 realizada das 8h \u00e0s 11h.<\/p>\n","protected":false},"excerpt":{"rendered":"<p>A Secretaria de Sa\u00fade de Caruaru realiza nesta quinta-feira (20), no Espa\u00e7o Cultural Tancredo Neves, uma manh\u00e3 de testagem nos&hellip;<\/p>\n","protected":false},"author":1,"featured_media":60330,"comment_status":"open","ping_status":"open","sticky":false,"template":"","format":"standard","meta":{"footnotes":""},"categories":[14120],"tags":[2,16881,17948,19270],"class_list":["post-60329","post","type-post","status-publish","format-standard","has-post-thumbnail","hentry","category-noticias","tag-blog-do-edvaldo-magalhaes","tag-caruaru-e-regiao","tag-coronavirus-2","tag-mototaxistas-de-caruaru-farao-teste-de-covid-19-nesta-quinta-feira-20"],"_links":{"self":[{"href":"https:\/\/blogdoedvaldomagalhaes.com.br\/index.php\/wp-json\/wp\/v2\/posts\/60329","targetHints":{"allow":["GET"]}}],"collection":[{"href":"https:\/\/blogdoedvaldomagalhaes.com.br\/index.php\/wp-json\/wp\/v2\/posts"}],"about":[{"href":"https:\/\/blogdoedvaldomagalhaes.com.br\/index.php\/wp-json\/wp\/v2\/types\/post"}],"author":[{"embeddable":true,"href":"https:\/\/blogdoedvaldomagalhaes.com.br\/index.php\/wp-json\/wp\/v2\/users\/1"}],"replies":[{"embeddable":true,"href":"https:\/\/blogdoedvaldomagalhaes.com.br\/index.php\/wp-json\/wp\/v2\/comments?post=60329"}],"version-history":[{"count":1,"href":"https:\/\/blogdoedvaldomagalhaes.com.br\/index.php\/wp-json\/wp\/v2\/posts\/60329\/revisions"}],"predecessor-version":[{"id":60331,"href":"https:\/\/blogdoedvaldomagalhaes.com.br\/index.php\/wp-json\/wp\/v2\/posts\/60329\/revisions\/60331"}],"wp:featuredmedia":[{"embeddable":true,"href":"https:\/\/blogdoedvaldomagalhaes.com.br\/index.php\/wp-json\/wp\/v2\/media\/60330"}],"wp:attachment":[{"href":"https:\/\/blogdoedvaldomagalhaes.com.br\/index.php\/wp-json\/wp\/v2\/media?parent=60329"}],"wp:term":[{"taxonomy":"category","embeddable":true,"href":"https:\/\/blogdoedvaldomagalhaes.com.br\/index.php\/wp-json\/wp\/v2\/categories?post=60329"},{"taxonomy":"post_tag","embeddable":true,"href":"https:\/\/blogdoedvaldomagalhaes.com.br\/index.php\/wp-json\/wp\/v2\/tags?post=60329"}],"curies":[{"name":"wp","href":"https:\/\/api.w.org\/{rel}","templated":true}]}}