{"id":60326,"date":"2020-08-18T19:30:18","date_gmt":"2020-08-18T22:30:18","guid":{"rendered":"https:\/\/blogdoedvaldomagalhaes.com.br\/?p=60326"},"modified":"2020-08-18T19:30:27","modified_gmt":"2020-08-18T22:30:27","slug":"pernambuco-tem-mais-de-95-mil-pacientes-recuperados-de-covid-19","status":"publish","type":"post","link":"https:\/\/blogdoedvaldomagalhaes.com.br\/index.php\/2020\/08\/18\/pernambuco-tem-mais-de-95-mil-pacientes-recuperados-de-covid-19\/","title":{"rendered":"Pernambuco tem mais de 95 mil pacientes recuperados de Covid-19"},"content":{"rendered":"<p style=\"text-align: justify;\">Pernambuco confirmou, nesta ter\u00e7a-feira (18\/08), 605 novos casos da Covid-19. Destes, 92 (15%) est\u00e3o classificados como Si\u0301ndrome Respirato\u0301ria Aguda Grave (Srag), portanto internados e\/ou mais graves, e 513 (85%) s\u00e3o casos leves. Ao todo, o Estado soma 113.788 confirma\u00e7\u00f5es (24.876 graves e 88.912 leves). O boletim tamb\u00e9m registra mais 1.671 pessoas recuperadas da doen\u00e7a, totalizando 95.060 curas.<br \/>\n\u2800\u2800\u2800\u2800\u2800<br \/>\nTamb\u00e9m foram confirmados, por exames, 42 \u00f3bitos (sendo 21 homens e 21 mulheres). Com isso, o Estado totaliza 7.252 mortes pela doen\u00e7a. Os \u00f3bitos registrados no boletim desta segunda ocorreram entre 12 de maio e 17 de agosto. Deste total, 11 (26%) ocorreram nos \u00faltimos tr\u00eas dias, sendo 1 registrada no dia de ontem (segunda, 17\/08), 7 em 16\/08 e 3 em 15\/08. Os outros 31 (74%) ocorreram entre os dias 12\/05 e 14\/08.<br \/>\n\u2800\u2800\u2800\u2800\u2800<br \/>\nAt\u00e9 agora, os casos graves confirmados est\u00e3o distribu\u00eddos por 183 munic\u00edpios pernambucanos, al\u00e9m de Fernando de Noronha e outros Estados e pa\u00edses. Foto: Divulga\u00e7\u00e3o.<\/p>\n","protected":false},"excerpt":{"rendered":"<p>Pernambuco confirmou, nesta ter\u00e7a-feira (18\/08), 605 novos casos da Covid-19. Destes, 92 (15%) est\u00e3o classificados como Si\u0301ndrome Respirato\u0301ria Aguda Grave&hellip;<\/p>\n","protected":false},"author":1,"featured_media":60327,"comment_status":"open","ping_status":"open","sticky":false,"template":"","format":"standard","meta":{"footnotes":""},"categories":[14120],"tags":[2,16881,17948,19269],"class_list":["post-60326","post","type-post","status-publish","format-standard","has-post-thumbnail","hentry","category-noticias","tag-blog-do-edvaldo-magalhaes","tag-caruaru-e-regiao","tag-coronavirus-2","tag-pernambuco-tem-mais-de-95-mil-pacientes-recuperados-de-covid-19"],"_links":{"self":[{"href":"https:\/\/blogdoedvaldomagalhaes.com.br\/index.php\/wp-json\/wp\/v2\/posts\/60326","targetHints":{"allow":["GET"]}}],"collection":[{"href":"https:\/\/blogdoedvaldomagalhaes.com.br\/index.php\/wp-json\/wp\/v2\/posts"}],"about":[{"href":"https:\/\/blogdoedvaldomagalhaes.com.br\/index.php\/wp-json\/wp\/v2\/types\/post"}],"author":[{"embeddable":true,"href":"https:\/\/blogdoedvaldomagalhaes.com.br\/index.php\/wp-json\/wp\/v2\/users\/1"}],"replies":[{"embeddable":true,"href":"https:\/\/blogdoedvaldomagalhaes.com.br\/index.php\/wp-json\/wp\/v2\/comments?post=60326"}],"version-history":[{"count":1,"href":"https:\/\/blogdoedvaldomagalhaes.com.br\/index.php\/wp-json\/wp\/v2\/posts\/60326\/revisions"}],"predecessor-version":[{"id":60328,"href":"https:\/\/blogdoedvaldomagalhaes.com.br\/index.php\/wp-json\/wp\/v2\/posts\/60326\/revisions\/60328"}],"wp:featuredmedia":[{"embeddable":true,"href":"https:\/\/blogdoedvaldomagalhaes.com.br\/index.php\/wp-json\/wp\/v2\/media\/60327"}],"wp:attachment":[{"href":"https:\/\/blogdoedvaldomagalhaes.com.br\/index.php\/wp-json\/wp\/v2\/media?parent=60326"}],"wp:term":[{"taxonomy":"category","embeddable":true,"href":"https:\/\/blogdoedvaldomagalhaes.com.br\/index.php\/wp-json\/wp\/v2\/categories?post=60326"},{"taxonomy":"post_tag","embeddable":true,"href":"https:\/\/blogdoedvaldomagalhaes.com.br\/index.php\/wp-json\/wp\/v2\/tags?post=60326"}],"curies":[{"name":"wp","href":"https:\/\/api.w.org\/{rel}","templated":true}]}}