{"id":60322,"date":"2020-08-18T19:05:03","date_gmt":"2020-08-18T22:05:03","guid":{"rendered":"https:\/\/blogdoedvaldomagalhaes.com.br\/?p=60322"},"modified":"2020-08-18T19:05:11","modified_gmt":"2020-08-18T22:05:11","slug":"caruaru-registra-mais-79-casos-de-covid-19-e-mais-79-pacientes-recuperados","status":"publish","type":"post","link":"https:\/\/blogdoedvaldomagalhaes.com.br\/index.php\/2020\/08\/18\/caruaru-registra-mais-79-casos-de-covid-19-e-mais-79-pacientes-recuperados\/","title":{"rendered":"Caruaru registra mais 79 casos de Covid-19 e mais 79 pacientes recuperados"},"content":{"rendered":"<p style=\"text-align: justify;\"><span style=\"font-size: inherit;\">A Secretaria de Sa\u00fade de Caruaru informa, nesta ter\u00e7a (18), que at\u00e9 o momento foram realizados 15.538 testes, dos quais 5.637 foram atrav\u00e9s do teste molecular e 9.901 do teste r\u00e1pido, com 5.984 confirma\u00e7\u00f5es para a Covid-19, incluindo tr\u00eas \u00f3bitos, no per\u00edodo de 5 a 15 de agosto, sendo eles: Homem, 73 anos, com comorbidades; homem, 88 anos, com comorbidades e um homem, 80 anos, com comorbidades.<\/span><\/p>\n<p style=\"text-align: justify;\">Em investiga\u00e7\u00e3o est\u00e3o 507 casos e j\u00e1 foram 9.047 descartados.<\/p>\n<p style=\"text-align: justify;\">Tamb\u00e9m j\u00e1 foram registrados 23.972 casos de s\u00edndrome gripal, dos quais 1.954 foram orientados a ficar em isolamento domiciliar.<\/p>\n<p style=\"text-align: justify;\">A secretaria informa ainda que 5.565 pacientes j\u00e1 foram recuperados do novo coronav\u00edrus.\u00a0<\/p>\n<p>Foto: Getty Imagens.<\/p>\n\n\n<figure class=\"wp-block-image size-large\"><img loading=\"lazy\" decoding=\"async\" width=\"1024\" height=\"1024\" src=\"https:\/\/blogdoedvaldomagalhaes.com.br\/wp-content\/uploads\/2020\/08\/IMG-20200818-WA0173-1024x1024.jpg\" alt=\"\" class=\"wp-image-60323\" srcset=\"https:\/\/blogdoedvaldomagalhaes.com.br\/wp-content\/uploads\/2020\/08\/IMG-20200818-WA0173-1024x1024.jpg 1024w, https:\/\/blogdoedvaldomagalhaes.com.br\/wp-content\/uploads\/2020\/08\/IMG-20200818-WA0173-300x300.jpg 300w, https:\/\/blogdoedvaldomagalhaes.com.br\/wp-content\/uploads\/2020\/08\/IMG-20200818-WA0173-150x150.jpg 150w, https:\/\/blogdoedvaldomagalhaes.com.br\/wp-content\/uploads\/2020\/08\/IMG-20200818-WA0173-768x768.jpg 768w, https:\/\/blogdoedvaldomagalhaes.com.br\/wp-content\/uploads\/2020\/08\/IMG-20200818-WA0173.jpg 1280w\" sizes=\"auto, (max-width: 1024px) 100vw, 1024px\" \/><\/figure>\n","protected":false},"excerpt":{"rendered":"<p>A Secretaria de Sa\u00fade de Caruaru informa, nesta ter\u00e7a (18), que at\u00e9 o momento foram realizados 15.538 testes, dos quais&hellip;<\/p>\n","protected":false},"author":1,"featured_media":60324,"comment_status":"open","ping_status":"open","sticky":false,"template":"","format":"standard","meta":{"footnotes":""},"categories":[14120],"tags":[2,16881,19268,17948],"class_list":["post-60322","post","type-post","status-publish","format-standard","has-post-thumbnail","hentry","category-noticias","tag-blog-do-edvaldo-magalhaes","tag-caruaru-e-regiao","tag-caruaru-registra-mais-79-casos-de-covid-19-e-mais-79-pacientes-recuperados","tag-coronavirus-2"],"_links":{"self":[{"href":"https:\/\/blogdoedvaldomagalhaes.com.br\/index.php\/wp-json\/wp\/v2\/posts\/60322","targetHints":{"allow":["GET"]}}],"collection":[{"href":"https:\/\/blogdoedvaldomagalhaes.com.br\/index.php\/wp-json\/wp\/v2\/posts"}],"about":[{"href":"https:\/\/blogdoedvaldomagalhaes.com.br\/index.php\/wp-json\/wp\/v2\/types\/post"}],"author":[{"embeddable":true,"href":"https:\/\/blogdoedvaldomagalhaes.com.br\/index.php\/wp-json\/wp\/v2\/users\/1"}],"replies":[{"embeddable":true,"href":"https:\/\/blogdoedvaldomagalhaes.com.br\/index.php\/wp-json\/wp\/v2\/comments?post=60322"}],"version-history":[{"count":1,"href":"https:\/\/blogdoedvaldomagalhaes.com.br\/index.php\/wp-json\/wp\/v2\/posts\/60322\/revisions"}],"predecessor-version":[{"id":60325,"href":"https:\/\/blogdoedvaldomagalhaes.com.br\/index.php\/wp-json\/wp\/v2\/posts\/60322\/revisions\/60325"}],"wp:featuredmedia":[{"embeddable":true,"href":"https:\/\/blogdoedvaldomagalhaes.com.br\/index.php\/wp-json\/wp\/v2\/media\/60324"}],"wp:attachment":[{"href":"https:\/\/blogdoedvaldomagalhaes.com.br\/index.php\/wp-json\/wp\/v2\/media?parent=60322"}],"wp:term":[{"taxonomy":"category","embeddable":true,"href":"https:\/\/blogdoedvaldomagalhaes.com.br\/index.php\/wp-json\/wp\/v2\/categories?post=60322"},{"taxonomy":"post_tag","embeddable":true,"href":"https:\/\/blogdoedvaldomagalhaes.com.br\/index.php\/wp-json\/wp\/v2\/tags?post=60322"}],"curies":[{"name":"wp","href":"https:\/\/api.w.org\/{rel}","templated":true}]}}