{"id":60319,"date":"2020-08-18T17:25:46","date_gmt":"2020-08-18T20:25:46","guid":{"rendered":"https:\/\/blogdoedvaldomagalhaes.com.br\/?p=60319"},"modified":"2020-08-18T17:25:50","modified_gmt":"2020-08-18T20:25:50","slug":"pt-nacional-ratifica-candidatura-propria-a-prefeitura-de-caruaru","status":"publish","type":"post","link":"https:\/\/blogdoedvaldomagalhaes.com.br\/index.php\/2020\/08\/18\/pt-nacional-ratifica-candidatura-propria-a-prefeitura-de-caruaru\/","title":{"rendered":"PT Nacional ratifica candidatura pr\u00f3pria \u00e0 Prefeitura de Caruaru"},"content":{"rendered":"<p style=\"text-align: justify;\">Em reuni\u00e3o realizada nessa segunda-feira (17), o Diret\u00f3rio Nacional do Partido dos Trabalhadores aprovou a candidatura pr\u00f3pria do partido em Caruaru, representada pelo professor e advogado Marcelo Rodrigues.<\/p>\n<p style=\"text-align: justify;\">\u201cAo assumir o PT em Caruaru, definimos como estrat\u00e9gia ampliar nossa presen\u00e7a na C\u00e2mara Municipal e apresentar para Caruaru um projeto de cidade que pudesse fazer com que a popula\u00e7\u00e3o fosse ouvida, resgatando a dignidade das pessoas e tamb\u00e9m que trate melhor o uso do dinheiro p\u00fablico a partir de prioridades escolhidas pela popula\u00e7\u00e3o. Al\u00e9m disso, a candidatura pr\u00f3pria ajuda a defender o legado do PT, onde os presidentes Lula e Dilma muito fizeram por Caruaru. Vamos mostrar o que fizemos e que podemos fazer com a elei\u00e7\u00e3o do companheiro Marcelo Rodrigues\u201d, afirmou o presidente do PT Caruaru, Leo Bulh\u00f5es.<\/p>\n<p style=\"text-align: justify;\">O PT tem dialogado com diversos partidos do campo popular e vai lan\u00e7ar, na pr\u00f3xima quinta-feira (20), uma plataforma on-line para colher propostas para o Plano de Governo Participativo.<\/p>\n","protected":false},"excerpt":{"rendered":"<p>Em reuni\u00e3o realizada nessa segunda-feira (17), o Diret\u00f3rio Nacional do Partido dos Trabalhadores aprovou a candidatura pr\u00f3pria do partido em&hellip;<\/p>\n","protected":false},"author":1,"featured_media":60320,"comment_status":"open","ping_status":"open","sticky":false,"template":"","format":"standard","meta":{"footnotes":""},"categories":[14122],"tags":[2,16881,19267],"class_list":["post-60319","post","type-post","status-publish","format-standard","has-post-thumbnail","hentry","category-politica","tag-blog-do-edvaldo-magalhaes","tag-caruaru-e-regiao","tag-pt-nacional-ratifica-candidatura-propria-a-prefeitura-de-caruaru"],"_links":{"self":[{"href":"https:\/\/blogdoedvaldomagalhaes.com.br\/index.php\/wp-json\/wp\/v2\/posts\/60319","targetHints":{"allow":["GET"]}}],"collection":[{"href":"https:\/\/blogdoedvaldomagalhaes.com.br\/index.php\/wp-json\/wp\/v2\/posts"}],"about":[{"href":"https:\/\/blogdoedvaldomagalhaes.com.br\/index.php\/wp-json\/wp\/v2\/types\/post"}],"author":[{"embeddable":true,"href":"https:\/\/blogdoedvaldomagalhaes.com.br\/index.php\/wp-json\/wp\/v2\/users\/1"}],"replies":[{"embeddable":true,"href":"https:\/\/blogdoedvaldomagalhaes.com.br\/index.php\/wp-json\/wp\/v2\/comments?post=60319"}],"version-history":[{"count":1,"href":"https:\/\/blogdoedvaldomagalhaes.com.br\/index.php\/wp-json\/wp\/v2\/posts\/60319\/revisions"}],"predecessor-version":[{"id":60321,"href":"https:\/\/blogdoedvaldomagalhaes.com.br\/index.php\/wp-json\/wp\/v2\/posts\/60319\/revisions\/60321"}],"wp:featuredmedia":[{"embeddable":true,"href":"https:\/\/blogdoedvaldomagalhaes.com.br\/index.php\/wp-json\/wp\/v2\/media\/60320"}],"wp:attachment":[{"href":"https:\/\/blogdoedvaldomagalhaes.com.br\/index.php\/wp-json\/wp\/v2\/media?parent=60319"}],"wp:term":[{"taxonomy":"category","embeddable":true,"href":"https:\/\/blogdoedvaldomagalhaes.com.br\/index.php\/wp-json\/wp\/v2\/categories?post=60319"},{"taxonomy":"post_tag","embeddable":true,"href":"https:\/\/blogdoedvaldomagalhaes.com.br\/index.php\/wp-json\/wp\/v2\/tags?post=60319"}],"curies":[{"name":"wp","href":"https:\/\/api.w.org\/{rel}","templated":true}]}}