{"id":603,"date":"2018-11-27T15:08:00","date_gmt":"2018-11-27T17:08:00","guid":{"rendered":"http:\/\/blogdoedvaldomagalhaes.com.br\/index.php\/2018\/11\/27\/tentativa-de-assalto-carro-forte-as\/"},"modified":"2019-02-09T02:43:06","modified_gmt":"2019-02-09T04:43:06","slug":"tentativa-de-assalto-carro-forte-as","status":"publish","type":"post","link":"https:\/\/blogdoedvaldomagalhaes.com.br\/index.php\/2018\/11\/27\/tentativa-de-assalto-carro-forte-as\/","title":{"rendered":"Tentativa de assalto a carro-forte \u00e0s margens da BR-232 em Gravat\u00e1 deixa um morto e duas pessoas feridas"},"content":{"rendered":"<div class=\"separator\" style=\"clear: both; text-align: center;\">\n<a href=\"https:\/\/4.bp.blogspot.com\/-PkaIoK7ho50\/W_1dCfydX9I\/AAAAAAAA-cA\/5cx7jUvGXb8SgjQo5BLltdrY7xWGsJ4SwCLcBGAs\/s1600\/1.jpg\" imageanchor=\"1\" style=\"margin-left: 1em; margin-right: 1em;\"><img loading=\"lazy\" decoding=\"async\" border=\"0\" data-original-height=\"960\" data-original-width=\"910\" height=\"640\" src=\"http:\/\/blogdoedvaldomagalhaes.com.br\/wp-content\/uploads\/2018\/11\/1-13.jpg\" width=\"606\" \/><\/a><\/div>\n<p><\/p>\n<div class=\"separator\" style=\"clear: both; text-align: center;\">\n<a href=\"https:\/\/1.bp.blogspot.com\/-Lw7YDnh7saQ\/W_1dD7xT5GI\/AAAAAAAA-cE\/EkjuXDhJqGQi8FahfumnB6wq_2D6zW7rACLcBGAs\/s1600\/2.jpg\" imageanchor=\"1\" style=\"margin-left: 1em; margin-right: 1em;\"><img loading=\"lazy\" decoding=\"async\" border=\"0\" data-original-height=\"720\" data-original-width=\"960\" height=\"480\" src=\"http:\/\/blogdoedvaldomagalhaes.com.br\/wp-content\/uploads\/2018\/11\/2-13.jpg\" width=\"640\" \/><\/a><\/div>\n<div style=\"background-color: white; margin-bottom: 6px; text-align: justify;\">\n<div class=\"separator\" style=\"clear: both; text-align: center;\">\n<\/div>\n<div class=\"separator\" style=\"clear: both; text-align: center;\">\n<a href=\"https:\/\/4.bp.blogspot.com\/-UrQjX8WYlXk\/W_1qbvlmC2I\/AAAAAAAA-cw\/KvCJxM_trHoi_jfXfpXBOZQ-OuY08XbogCLcBGAs\/s1600\/forte.jpg\" imageanchor=\"1\" style=\"margin-left: 1em; margin-right: 1em;\"><img loading=\"lazy\" decoding=\"async\" border=\"0\" data-original-height=\"410\" data-original-width=\"748\" height=\"350\" src=\"http:\/\/blogdoedvaldomagalhaes.com.br\/wp-content\/uploads\/2018\/11\/forte.jpg\" width=\"640\" \/><\/a><\/div>\n<div style=\"text-align: center;\">\nFotos: Reprodu\u00e7\u00e3o\/WhatsApp<\/div>\n<div style=\"text-align: center;\">\n<\/div>\n<\/div>\n<div style=\"background-color: white; margin-bottom: 6px; text-align: justify;\">\nA tentativa de assalto a um carro-forte ocorreu na manh\u00e3 desta ter\u00e7a-feira (27), em um posto de combust\u00edveis, localizado \u00e0s margens da BR-232, em Gravat\u00e1. Segundo informa\u00e7\u00f5es, quatro indiv\u00edduos encapuzados e armados, chegaram em um carro e se dirigiram direto para o carro-forte que fazia o abastecimento de dois caixas eletr\u00f4nicos, havendo troca de tiros com os vigilantes.<\/p>\n<p><\/p>\n<div class=\"separator\" style=\"clear: both; text-align: center;\">\n<a href=\"https:\/\/3.bp.blogspot.com\/-E2qZuhtmCfs\/W_1oVHES21I\/AAAAAAAA-cU\/Z_R3cR71v6Mv9AUb4MecMbxHmH_Jccw6wCLcBGAs\/s1600\/vigi.jpg\" imageanchor=\"1\" style=\"margin-left: 1em; margin-right: 1em;\"><img loading=\"lazy\" decoding=\"async\" border=\"0\" data-original-height=\"640\" data-original-width=\"640\" height=\"640\" src=\"http:\/\/blogdoedvaldomagalhaes.com.br\/wp-content\/uploads\/2018\/11\/vigi.jpg\" width=\"640\" \/><\/a><\/div>\n<div class=\"separator\" style=\"clear: both; text-align: center;\">\nRog\u00e9rio Cremildo Bezerra<\/div>\n<div style=\"box-sizing: border-box; line-height: 26px; margin-bottom: 26px; overflow-wrap: break-word; text-align: justify;\">\nNa troca de tiros, os criminosos acabaram matando um dos vigilantes identificado como Rog\u00e9rio Cremildo Bezerra, 43 anos. Uma mulher que estava no local acabou sendo atingida, e na companhia de outro vigilante foram levados para o Hospital Doutor Paulo da Veiga Pessoa (HDPVP).<\/div>\n<div class=\"separator\" style=\"clear: both; text-align: center;\">\n<a href=\"https:\/\/2.bp.blogspot.com\/-X49N04StIlg\/W_1pISrHY_I\/AAAAAAAA-cg\/p8N59aAGAvQvYXswHO3I3-XoJ2wkXbK6wCLcBGAs\/s1600\/balas.jpg\" imageanchor=\"1\" style=\"margin-left: 1em; margin-right: 1em;\"><img loading=\"lazy\" decoding=\"async\" border=\"0\" data-original-height=\"540\" data-original-width=\"960\" height=\"360\" src=\"http:\/\/blogdoedvaldomagalhaes.com.br\/wp-content\/uploads\/2018\/11\/balas.jpg\" width=\"640\" \/><\/a><\/div>\n<div class=\"separator\" style=\"clear: both; text-align: center;\">\n<\/div>\n<p><\/p>\n<div style=\"box-sizing: border-box; line-height: 26px; margin-bottom: 26px; overflow-wrap: break-word; text-align: justify;\">\nEfetivos da Pol\u00edcia Militar, Guarda Municipal e Pol\u00edcia Civil foram ao local, isolaram a \u00e1rea e procederam com o registro da ocorr\u00eancia. Os criminosos fugiram em um ve\u00edculo, modelo FOX PRATA (FPL-2278), pela pista de rolagem da rodovia, e at\u00e9 o fechamento desta reportagem n\u00e3o haviam sido presos ou identificados.<\/p>\n<div class=\"separator\" style=\"clear: both; text-align: center;\">\n<\/div>\n<p><\/div>\n<\/div>\n","protected":false},"excerpt":{"rendered":"<p>Fotos: Reprodu\u00e7\u00e3o\/WhatsApp A tentativa de assalto a um carro-forte ocorreu na manh\u00e3 desta ter\u00e7a-feira (27), em um posto de combust\u00edveis,&hellip;<\/p>\n","protected":false},"author":1,"featured_media":0,"comment_status":"open","ping_status":"open","sticky":false,"template":"","format":"standard","meta":{"footnotes":""},"categories":[1],"tags":[2,13,530],"class_list":["post-603","post","type-post","status-publish","format-standard","hentry","category-sem-categoria","tag-blog-do-edvaldo-magalhaes","tag-policial","tag-tentativa-de-assalto-a-carro-forte-as-margens-da-br-232-em-gravata-deixa-um-morto-e-duas-pessoas-feridas"],"_links":{"self":[{"href":"https:\/\/blogdoedvaldomagalhaes.com.br\/index.php\/wp-json\/wp\/v2\/posts\/603","targetHints":{"allow":["GET"]}}],"collection":[{"href":"https:\/\/blogdoedvaldomagalhaes.com.br\/index.php\/wp-json\/wp\/v2\/posts"}],"about":[{"href":"https:\/\/blogdoedvaldomagalhaes.com.br\/index.php\/wp-json\/wp\/v2\/types\/post"}],"author":[{"embeddable":true,"href":"https:\/\/blogdoedvaldomagalhaes.com.br\/index.php\/wp-json\/wp\/v2\/users\/1"}],"replies":[{"embeddable":true,"href":"https:\/\/blogdoedvaldomagalhaes.com.br\/index.php\/wp-json\/wp\/v2\/comments?post=603"}],"version-history":[{"count":1,"href":"https:\/\/blogdoedvaldomagalhaes.com.br\/index.php\/wp-json\/wp\/v2\/posts\/603\/revisions"}],"predecessor-version":[{"id":36212,"href":"https:\/\/blogdoedvaldomagalhaes.com.br\/index.php\/wp-json\/wp\/v2\/posts\/603\/revisions\/36212"}],"wp:attachment":[{"href":"https:\/\/blogdoedvaldomagalhaes.com.br\/index.php\/wp-json\/wp\/v2\/media?parent=603"}],"wp:term":[{"taxonomy":"category","embeddable":true,"href":"https:\/\/blogdoedvaldomagalhaes.com.br\/index.php\/wp-json\/wp\/v2\/categories?post=603"},{"taxonomy":"post_tag","embeddable":true,"href":"https:\/\/blogdoedvaldomagalhaes.com.br\/index.php\/wp-json\/wp\/v2\/tags?post=603"}],"curies":[{"name":"wp","href":"https:\/\/api.w.org\/{rel}","templated":true}]}}