{"id":60281,"date":"2020-08-17T20:59:52","date_gmt":"2020-08-17T23:59:52","guid":{"rendered":"https:\/\/blogdoedvaldomagalhaes.com.br\/?p=60281"},"modified":"2020-08-17T20:59:56","modified_gmt":"2020-08-17T23:59:56","slug":"4a-ciretran-solicita-testagem-rapida-da-covid-19-em-servidores-despachantes-e-usuarios","status":"publish","type":"post","link":"https:\/\/blogdoedvaldomagalhaes.com.br\/index.php\/2020\/08\/17\/4a-ciretran-solicita-testagem-rapida-da-covid-19-em-servidores-despachantes-e-usuarios\/","title":{"rendered":"4\u00aa CIRETRAN solicita testagem r\u00e1pida da COVID-19 em servidores, despachantes e usu\u00e1rios"},"content":{"rendered":"<p style=\"text-align: justify;\">A 4\u00aa Circunscri\u00e7\u00e3o Regional de Tr\u00e2nsito (CIRETRAN) de Caruaru protocolou junto a Secretaria Municipal de Sa\u00fade na \u00faltima sexta-feira (14), pedido para que seja realizado uma manh\u00e3 de testagem r\u00e1pida da COVID-19 em todos os servidores, despachantes credenciados e usu\u00e1rios presentes no momento.<br \/>\n\u201cNosso pedido \u00e9 feito com base na enorme quantidade de pessoas que o \u00f3rg\u00e3o recebe por dia, al\u00e9m de contribuir com as pol\u00edticas de preven\u00e7\u00e3o, monitoramento e controle da dissemina\u00e7\u00e3o do Coronav\u00edrus. A a\u00e7\u00e3o pode ser realizada pela Unidade M\u00f3vel de Testagem da Prefeitura de Caruaru que j\u00e1 circulou v\u00e1rios pontos da cidade considerados estrat\u00e9gicos e realizou centenas de testes r\u00e1pidos\u201d Justifica o pedido o coordenador da unidade, Jefferson Paz.<\/p>\n<p style=\"text-align: justify;\">Seguindo os protocolos estabelecidos pelo Governo do Estado de Pernambuco, da Secretaria de Sa\u00fade e tamb\u00e9m do comit\u00ea de monitoramento, a 4\u00aa Ciretran retomou o atendimento presencial de forma gradual no dia 13 de julho com capacidade de atendimento reduzida e acesso limitado dos usu\u00e1rios. Como parte das a\u00e7\u00f5es de enfrentamento ao Coronav\u00edrus, o DETRAN-PE providenciou a distribui\u00e7\u00e3o dos EPIs necess\u00e1rios(\u00e1lcool 70\u00b0 e em gel, m\u00e1scaras, luvas e face shield) e adequou as instala\u00e7\u00f5es com barreiras de prote\u00e7\u00e3o em acr\u00edlico, sinaliza\u00e7\u00f5es internas\/externas e term\u00f4metros para aferi\u00e7\u00e3o de temperatura.<\/p>\n","protected":false},"excerpt":{"rendered":"<p>A 4\u00aa Circunscri\u00e7\u00e3o Regional de Tr\u00e2nsito (CIRETRAN) de Caruaru protocolou junto a Secretaria Municipal de Sa\u00fade na \u00faltima sexta-feira (14),&hellip;<\/p>\n","protected":false},"author":1,"featured_media":60282,"comment_status":"open","ping_status":"open","sticky":false,"template":"","format":"standard","meta":{"footnotes":""},"categories":[14120],"tags":[19258,2,17948,19259],"class_list":["post-60281","post","type-post","status-publish","format-standard","has-post-thumbnail","hentry","category-noticias","tag-4a-ciretran-solicita-testagem-rapida-da-covid-19-em-servidores","tag-blog-do-edvaldo-magalhaes","tag-coronavirus-2","tag-despachantes-e-usuarios"],"_links":{"self":[{"href":"https:\/\/blogdoedvaldomagalhaes.com.br\/index.php\/wp-json\/wp\/v2\/posts\/60281","targetHints":{"allow":["GET"]}}],"collection":[{"href":"https:\/\/blogdoedvaldomagalhaes.com.br\/index.php\/wp-json\/wp\/v2\/posts"}],"about":[{"href":"https:\/\/blogdoedvaldomagalhaes.com.br\/index.php\/wp-json\/wp\/v2\/types\/post"}],"author":[{"embeddable":true,"href":"https:\/\/blogdoedvaldomagalhaes.com.br\/index.php\/wp-json\/wp\/v2\/users\/1"}],"replies":[{"embeddable":true,"href":"https:\/\/blogdoedvaldomagalhaes.com.br\/index.php\/wp-json\/wp\/v2\/comments?post=60281"}],"version-history":[{"count":1,"href":"https:\/\/blogdoedvaldomagalhaes.com.br\/index.php\/wp-json\/wp\/v2\/posts\/60281\/revisions"}],"predecessor-version":[{"id":60283,"href":"https:\/\/blogdoedvaldomagalhaes.com.br\/index.php\/wp-json\/wp\/v2\/posts\/60281\/revisions\/60283"}],"wp:featuredmedia":[{"embeddable":true,"href":"https:\/\/blogdoedvaldomagalhaes.com.br\/index.php\/wp-json\/wp\/v2\/media\/60282"}],"wp:attachment":[{"href":"https:\/\/blogdoedvaldomagalhaes.com.br\/index.php\/wp-json\/wp\/v2\/media?parent=60281"}],"wp:term":[{"taxonomy":"category","embeddable":true,"href":"https:\/\/blogdoedvaldomagalhaes.com.br\/index.php\/wp-json\/wp\/v2\/categories?post=60281"},{"taxonomy":"post_tag","embeddable":true,"href":"https:\/\/blogdoedvaldomagalhaes.com.br\/index.php\/wp-json\/wp\/v2\/tags?post=60281"}],"curies":[{"name":"wp","href":"https:\/\/api.w.org\/{rel}","templated":true}]}}