{"id":60276,"date":"2020-08-17T19:47:43","date_gmt":"2020-08-17T22:47:43","guid":{"rendered":"https:\/\/blogdoedvaldomagalhaes.com.br\/?p=60276"},"modified":"2020-08-17T19:47:48","modified_gmt":"2020-08-17T22:47:48","slug":"apodec-reinicia-atendimentos-de-servicos-de-fisioterapia-e-de-atividades-fisicas","status":"publish","type":"post","link":"https:\/\/blogdoedvaldomagalhaes.com.br\/index.php\/2020\/08\/17\/apodec-reinicia-atendimentos-de-servicos-de-fisioterapia-e-de-atividades-fisicas\/","title":{"rendered":"APODEC reinicia atendimentos de servi\u00e7os de fisioterapia e de atividades f\u00edsicas"},"content":{"rendered":"<p style=\"text-align: justify;\"><span style=\"font-size: inherit;\">A APODEC ( Associa\u00e7\u00e3o de Pessoas com Defici\u00eancia de Caruaru) reiniciou nesta segunda-feira (17) suas atividades. Com a libera\u00e7\u00e3o do governo do estado da abertura das academias e centros de fisioterapia, a APODEC disponibiliza para os seus mais de 600 associados os servi\u00e7os de fisioterapia e de atividades f\u00edsicas. <\/span><\/p>\n<p style=\"text-align: justify;\"><span style=\"font-size: inherit;\">Os interessados em participar que ainda n\u00e3o s\u00e3o associados podem procurar a APODEC pelo telefone 3722-9063.<\/span><\/p>\n\n\n<figure class=\"wp-block-image size-large\"><img loading=\"lazy\" decoding=\"async\" width=\"576\" height=\"1024\" src=\"https:\/\/blogdoedvaldomagalhaes.com.br\/wp-content\/uploads\/2020\/08\/IMG-20200817-WA0152-576x1024.jpg\" alt=\"\" class=\"wp-image-60278\" srcset=\"https:\/\/blogdoedvaldomagalhaes.com.br\/wp-content\/uploads\/2020\/08\/IMG-20200817-WA0152-576x1024.jpg 576w, https:\/\/blogdoedvaldomagalhaes.com.br\/wp-content\/uploads\/2020\/08\/IMG-20200817-WA0152-169x300.jpg 169w, https:\/\/blogdoedvaldomagalhaes.com.br\/wp-content\/uploads\/2020\/08\/IMG-20200817-WA0152.jpg 720w\" sizes=\"auto, (max-width: 576px) 100vw, 576px\" \/><\/figure>\n\n\n\n<figure class=\"wp-block-image size-large\"><img loading=\"lazy\" decoding=\"async\" width=\"576\" height=\"1024\" src=\"https:\/\/blogdoedvaldomagalhaes.com.br\/wp-content\/uploads\/2020\/08\/IMG-20200817-WA0147-576x1024.jpg\" alt=\"\" class=\"wp-image-60279\" srcset=\"https:\/\/blogdoedvaldomagalhaes.com.br\/wp-content\/uploads\/2020\/08\/IMG-20200817-WA0147-576x1024.jpg 576w, https:\/\/blogdoedvaldomagalhaes.com.br\/wp-content\/uploads\/2020\/08\/IMG-20200817-WA0147-169x300.jpg 169w, https:\/\/blogdoedvaldomagalhaes.com.br\/wp-content\/uploads\/2020\/08\/IMG-20200817-WA0147.jpg 720w\" sizes=\"auto, (max-width: 576px) 100vw, 576px\" \/><figcaption>Fotos: Divulga\u00e7\u00e3o<\/figcaption><\/figure>\n","protected":false},"excerpt":{"rendered":"<p>A APODEC ( Associa\u00e7\u00e3o de Pessoas com Defici\u00eancia de Caruaru) reiniciou nesta segunda-feira (17) suas atividades. Com a libera\u00e7\u00e3o do&hellip;<\/p>\n","protected":false},"author":1,"featured_media":60277,"comment_status":"open","ping_status":"open","sticky":false,"template":"","format":"standard","meta":{"footnotes":""},"categories":[14120],"tags":[19257,2,16881],"class_list":["post-60276","post","type-post","status-publish","format-standard","has-post-thumbnail","hentry","category-noticias","tag-apodec-reinicia-atendimentos-de-servicos-de-fisioterapia-e-de-atividades-fisicas","tag-blog-do-edvaldo-magalhaes","tag-caruaru-e-regiao"],"_links":{"self":[{"href":"https:\/\/blogdoedvaldomagalhaes.com.br\/index.php\/wp-json\/wp\/v2\/posts\/60276","targetHints":{"allow":["GET"]}}],"collection":[{"href":"https:\/\/blogdoedvaldomagalhaes.com.br\/index.php\/wp-json\/wp\/v2\/posts"}],"about":[{"href":"https:\/\/blogdoedvaldomagalhaes.com.br\/index.php\/wp-json\/wp\/v2\/types\/post"}],"author":[{"embeddable":true,"href":"https:\/\/blogdoedvaldomagalhaes.com.br\/index.php\/wp-json\/wp\/v2\/users\/1"}],"replies":[{"embeddable":true,"href":"https:\/\/blogdoedvaldomagalhaes.com.br\/index.php\/wp-json\/wp\/v2\/comments?post=60276"}],"version-history":[{"count":1,"href":"https:\/\/blogdoedvaldomagalhaes.com.br\/index.php\/wp-json\/wp\/v2\/posts\/60276\/revisions"}],"predecessor-version":[{"id":60280,"href":"https:\/\/blogdoedvaldomagalhaes.com.br\/index.php\/wp-json\/wp\/v2\/posts\/60276\/revisions\/60280"}],"wp:featuredmedia":[{"embeddable":true,"href":"https:\/\/blogdoedvaldomagalhaes.com.br\/index.php\/wp-json\/wp\/v2\/media\/60277"}],"wp:attachment":[{"href":"https:\/\/blogdoedvaldomagalhaes.com.br\/index.php\/wp-json\/wp\/v2\/media?parent=60276"}],"wp:term":[{"taxonomy":"category","embeddable":true,"href":"https:\/\/blogdoedvaldomagalhaes.com.br\/index.php\/wp-json\/wp\/v2\/categories?post=60276"},{"taxonomy":"post_tag","embeddable":true,"href":"https:\/\/blogdoedvaldomagalhaes.com.br\/index.php\/wp-json\/wp\/v2\/tags?post=60276"}],"curies":[{"name":"wp","href":"https:\/\/api.w.org\/{rel}","templated":true}]}}