{"id":60272,"date":"2020-08-17T19:10:30","date_gmt":"2020-08-17T22:10:30","guid":{"rendered":"https:\/\/blogdoedvaldomagalhaes.com.br\/?p=60272"},"modified":"2020-08-17T19:10:36","modified_gmt":"2020-08-17T22:10:36","slug":"caruaru-tem-137-pacientes-recuperados-de-covid-19-nas-ultimas-24-horas","status":"publish","type":"post","link":"https:\/\/blogdoedvaldomagalhaes.com.br\/index.php\/2020\/08\/17\/caruaru-tem-137-pacientes-recuperados-de-covid-19-nas-ultimas-24-horas\/","title":{"rendered":"Caruaru tem 137 pacientes recuperados de Covid-19 nas \u00faltimas 24 horas"},"content":{"rendered":"<p style=\"text-align: justify;\">A Secretaria de Sa\u00fade de Caruaru registrou, em 24 horas, 137 pacientes recuperados de Covid-19, al\u00e9m de 135 novos casos, incluindo uma morte. De acordo com boletim divulgado na noite desta segunda-feira (17), o \u00f3bito foi de uma mulher, de 51 anos, ocorrido no dia 26 der julho. Ela tinha comorbidades.<\/p>\n<p style=\"text-align: justify;\">Caruaru contabiliza at\u00e9 o momento 5.905 casos confirmados do novo coronav\u00edrus e 272 mortes. Outros 4 \u00f3bitos e 554 casos est\u00e3o em investiga\u00e7\u00e3o. J\u00e1 foram descartados 8.875 casos e 5.486 pacientes se recuperaram da doen\u00e7a.<\/p>\n\n\n<figure class=\"wp-block-image size-large\"><img loading=\"lazy\" decoding=\"async\" width=\"1024\" height=\"1024\" src=\"https:\/\/blogdoedvaldomagalhaes.com.br\/wp-content\/uploads\/2020\/08\/IMG-20200817-WA0231-1024x1024.jpg\" alt=\"\" class=\"wp-image-60274\" srcset=\"https:\/\/blogdoedvaldomagalhaes.com.br\/wp-content\/uploads\/2020\/08\/IMG-20200817-WA0231-1024x1024.jpg 1024w, https:\/\/blogdoedvaldomagalhaes.com.br\/wp-content\/uploads\/2020\/08\/IMG-20200817-WA0231-300x300.jpg 300w, https:\/\/blogdoedvaldomagalhaes.com.br\/wp-content\/uploads\/2020\/08\/IMG-20200817-WA0231-150x150.jpg 150w, https:\/\/blogdoedvaldomagalhaes.com.br\/wp-content\/uploads\/2020\/08\/IMG-20200817-WA0231-768x768.jpg 768w, https:\/\/blogdoedvaldomagalhaes.com.br\/wp-content\/uploads\/2020\/08\/IMG-20200817-WA0231.jpg 1280w\" sizes=\"auto, (max-width: 1024px) 100vw, 1024px\" \/><\/figure>\n","protected":false},"excerpt":{"rendered":"<p>A Secretaria de Sa\u00fade de Caruaru registrou, em 24 horas, 137 pacientes recuperados de Covid-19, al\u00e9m de 135 novos casos,&hellip;<\/p>\n","protected":false},"author":1,"featured_media":60273,"comment_status":"open","ping_status":"open","sticky":false,"template":"","format":"standard","meta":{"footnotes":""},"categories":[14120],"tags":[2,16881,19256],"class_list":["post-60272","post","type-post","status-publish","format-standard","has-post-thumbnail","hentry","category-noticias","tag-blog-do-edvaldo-magalhaes","tag-caruaru-e-regiao","tag-caruaru-tem-137-pacientes-recuperados-de-covid-19-nas-ultimas-24-horas"],"_links":{"self":[{"href":"https:\/\/blogdoedvaldomagalhaes.com.br\/index.php\/wp-json\/wp\/v2\/posts\/60272","targetHints":{"allow":["GET"]}}],"collection":[{"href":"https:\/\/blogdoedvaldomagalhaes.com.br\/index.php\/wp-json\/wp\/v2\/posts"}],"about":[{"href":"https:\/\/blogdoedvaldomagalhaes.com.br\/index.php\/wp-json\/wp\/v2\/types\/post"}],"author":[{"embeddable":true,"href":"https:\/\/blogdoedvaldomagalhaes.com.br\/index.php\/wp-json\/wp\/v2\/users\/1"}],"replies":[{"embeddable":true,"href":"https:\/\/blogdoedvaldomagalhaes.com.br\/index.php\/wp-json\/wp\/v2\/comments?post=60272"}],"version-history":[{"count":1,"href":"https:\/\/blogdoedvaldomagalhaes.com.br\/index.php\/wp-json\/wp\/v2\/posts\/60272\/revisions"}],"predecessor-version":[{"id":60275,"href":"https:\/\/blogdoedvaldomagalhaes.com.br\/index.php\/wp-json\/wp\/v2\/posts\/60272\/revisions\/60275"}],"wp:featuredmedia":[{"embeddable":true,"href":"https:\/\/blogdoedvaldomagalhaes.com.br\/index.php\/wp-json\/wp\/v2\/media\/60273"}],"wp:attachment":[{"href":"https:\/\/blogdoedvaldomagalhaes.com.br\/index.php\/wp-json\/wp\/v2\/media?parent=60272"}],"wp:term":[{"taxonomy":"category","embeddable":true,"href":"https:\/\/blogdoedvaldomagalhaes.com.br\/index.php\/wp-json\/wp\/v2\/categories?post=60272"},{"taxonomy":"post_tag","embeddable":true,"href":"https:\/\/blogdoedvaldomagalhaes.com.br\/index.php\/wp-json\/wp\/v2\/tags?post=60272"}],"curies":[{"name":"wp","href":"https:\/\/api.w.org\/{rel}","templated":true}]}}