{"id":60265,"date":"2020-08-17T17:22:02","date_gmt":"2020-08-17T20:22:02","guid":{"rendered":"https:\/\/blogdoedvaldomagalhaes.com.br\/?p=60265"},"modified":"2020-08-17T17:22:12","modified_gmt":"2020-08-17T20:22:12","slug":"destra-orienta-condutores-e-passageiros-na-volta-do-servico-de-mototaxi-em-caruaru","status":"publish","type":"post","link":"https:\/\/blogdoedvaldomagalhaes.com.br\/index.php\/2020\/08\/17\/destra-orienta-condutores-e-passageiros-na-volta-do-servico-de-mototaxi-em-caruaru\/","title":{"rendered":"Destra orienta condutores e passageiros na volta do servi\u00e7o de motot\u00e1xi em Caruaru"},"content":{"rendered":"<p style=\"text-align: justify;\"><span style=\"font-size: inherit;\">Nesta segunda-feira (17), a equipe de fiscaliza\u00e7\u00e3o da Autarquia Municipal de Defesa Social, Tr\u00e2nsito e Transportes (Destra) percorreu os principais pontos de motot\u00e1xi do munic\u00edpio, com o objetivo de fiscalizar e orientar condutores e passageiros durante a retomada das atividades. As equipes refor\u00e7aram a necessidade do cumprimento de todos os protocolos de seguran\u00e7a.<\/span><\/p>\n<p style=\"text-align: justify;\">Atualmente, Caruaru tem cerca de 1.400 mototaxistas com cadastro regular, divididos em 99 pontos regulamentados espalhados pela cidade. Para a volta do trabalho da categoria, os mototaxistas dever\u00e3o seguir medidas de seguran\u00e7a, como manter o distanciamento de um metro e meio antes do passageiro subir na moto; cumprir o distanciamento nos pontos ou onde as motos estiverem estacionadas; realizar a higieniza\u00e7\u00e3o da moto e do capacete a cada passageiro; disponibilizar touca descart\u00e1vel para ser colocada junto ao capacete do passageiro, al\u00e9m de \u00e1lcool em gel para ele; uso de m\u00e1scara obrigat\u00f3rio todo o momento, bem como transporte de passageiro s\u00f3 com o uso da m\u00e1scara; o mototaxista dever\u00e1 usar o capacete com a viseira baixa e orientar o passageiro a abaixar a viseira tamb\u00e9m.<\/p>\n<p style=\"text-align: justify;\">\u201cEstivemos orientando os condutores e passageiros sobre os cuidados necess\u00e1rios na volta desse servi\u00e7o. Pedimos que a popula\u00e7\u00e3o, caso visualize alguma irregularidade, n\u00e3o use o servi\u00e7o e denuncie \u00e0 Destra. Estaremos fiscalizando todo o tempo que durar essa pandemia. Os condutores que insistirem em trabalhar desrespeitando os protocolos poder\u00e3o ser punidos\u201d, destacou a gerente de Transportes da Destra, Ketylla Santos.<\/p>\n<p style=\"text-align: justify;\">A popula\u00e7\u00e3o deve denunciar qualquer irregularidade desse servi\u00e7o pelo n\u00famero de telefone: 3723-7747.<\/p>\n\n\n<figure class=\"wp-block-image size-large\"><img loading=\"lazy\" decoding=\"async\" width=\"1024\" height=\"768\" src=\"https:\/\/blogdoedvaldomagalhaes.com.br\/wp-content\/uploads\/2020\/08\/IMG-20200817-WA0165-1024x768.jpg\" alt=\"\" class=\"wp-image-60267\" srcset=\"https:\/\/blogdoedvaldomagalhaes.com.br\/wp-content\/uploads\/2020\/08\/IMG-20200817-WA0165-1024x768.jpg 1024w, https:\/\/blogdoedvaldomagalhaes.com.br\/wp-content\/uploads\/2020\/08\/IMG-20200817-WA0165-300x225.jpg 300w, https:\/\/blogdoedvaldomagalhaes.com.br\/wp-content\/uploads\/2020\/08\/IMG-20200817-WA0165-768x576.jpg 768w, https:\/\/blogdoedvaldomagalhaes.com.br\/wp-content\/uploads\/2020\/08\/IMG-20200817-WA0165-160x120.jpg 160w, https:\/\/blogdoedvaldomagalhaes.com.br\/wp-content\/uploads\/2020\/08\/IMG-20200817-WA0165.jpg 1280w\" sizes=\"auto, (max-width: 1024px) 100vw, 1024px\" \/><\/figure>\n\n\n\n<figure class=\"wp-block-image size-large\"><img loading=\"lazy\" decoding=\"async\" width=\"1024\" height=\"768\" src=\"https:\/\/blogdoedvaldomagalhaes.com.br\/wp-content\/uploads\/2020\/08\/IMG-20200817-WA0162-1024x768.jpg\" alt=\"\" class=\"wp-image-60268\" srcset=\"https:\/\/blogdoedvaldomagalhaes.com.br\/wp-content\/uploads\/2020\/08\/IMG-20200817-WA0162-1024x768.jpg 1024w, https:\/\/blogdoedvaldomagalhaes.com.br\/wp-content\/uploads\/2020\/08\/IMG-20200817-WA0162-300x225.jpg 300w, https:\/\/blogdoedvaldomagalhaes.com.br\/wp-content\/uploads\/2020\/08\/IMG-20200817-WA0162-768x576.jpg 768w, https:\/\/blogdoedvaldomagalhaes.com.br\/wp-content\/uploads\/2020\/08\/IMG-20200817-WA0162-160x120.jpg 160w, https:\/\/blogdoedvaldomagalhaes.com.br\/wp-content\/uploads\/2020\/08\/IMG-20200817-WA0162.jpg 1280w\" sizes=\"auto, (max-width: 1024px) 100vw, 1024px\" \/><\/figure>\n\n\n\n<figure class=\"wp-block-image size-large\"><img loading=\"lazy\" decoding=\"async\" width=\"1024\" height=\"768\" src=\"https:\/\/blogdoedvaldomagalhaes.com.br\/wp-content\/uploads\/2020\/08\/IMG-20200817-WA0163-1024x768.jpg\" alt=\"\" class=\"wp-image-60269\" srcset=\"https:\/\/blogdoedvaldomagalhaes.com.br\/wp-content\/uploads\/2020\/08\/IMG-20200817-WA0163-1024x768.jpg 1024w, https:\/\/blogdoedvaldomagalhaes.com.br\/wp-content\/uploads\/2020\/08\/IMG-20200817-WA0163-300x225.jpg 300w, https:\/\/blogdoedvaldomagalhaes.com.br\/wp-content\/uploads\/2020\/08\/IMG-20200817-WA0163-768x576.jpg 768w, https:\/\/blogdoedvaldomagalhaes.com.br\/wp-content\/uploads\/2020\/08\/IMG-20200817-WA0163-160x120.jpg 160w, https:\/\/blogdoedvaldomagalhaes.com.br\/wp-content\/uploads\/2020\/08\/IMG-20200817-WA0163.jpg 1280w\" sizes=\"auto, (max-width: 1024px) 100vw, 1024px\" \/><\/figure>\n\n\n\n<figure class=\"wp-block-image size-large\"><img loading=\"lazy\" decoding=\"async\" width=\"1024\" height=\"768\" src=\"https:\/\/blogdoedvaldomagalhaes.com.br\/wp-content\/uploads\/2020\/08\/IMG-20200817-WA0161-1024x768.jpg\" alt=\"\" class=\"wp-image-60270\" srcset=\"https:\/\/blogdoedvaldomagalhaes.com.br\/wp-content\/uploads\/2020\/08\/IMG-20200817-WA0161-1024x768.jpg 1024w, https:\/\/blogdoedvaldomagalhaes.com.br\/wp-content\/uploads\/2020\/08\/IMG-20200817-WA0161-300x225.jpg 300w, https:\/\/blogdoedvaldomagalhaes.com.br\/wp-content\/uploads\/2020\/08\/IMG-20200817-WA0161-768x576.jpg 768w, https:\/\/blogdoedvaldomagalhaes.com.br\/wp-content\/uploads\/2020\/08\/IMG-20200817-WA0161-160x120.jpg 160w, https:\/\/blogdoedvaldomagalhaes.com.br\/wp-content\/uploads\/2020\/08\/IMG-20200817-WA0161.jpg 1280w\" sizes=\"auto, (max-width: 1024px) 100vw, 1024px\" \/><figcaption>Fotos: Divulga\u00e7\u00e3o\/SEIC<\/figcaption><\/figure>\n","protected":false},"excerpt":{"rendered":"<p>Nesta segunda-feira (17), a equipe de fiscaliza\u00e7\u00e3o da Autarquia Municipal de Defesa Social, Tr\u00e2nsito e Transportes (Destra) percorreu os principais&hellip;<\/p>\n","protected":false},"author":1,"featured_media":60266,"comment_status":"open","ping_status":"open","sticky":false,"template":"","format":"standard","meta":{"footnotes":""},"categories":[14120],"tags":[2,16881,19255],"class_list":["post-60265","post","type-post","status-publish","format-standard","has-post-thumbnail","hentry","category-noticias","tag-blog-do-edvaldo-magalhaes","tag-caruaru-e-regiao","tag-destra-orienta-condutores-e-passageiros-na-volta-do-servico-de-mototaxi-em-caruaru"],"_links":{"self":[{"href":"https:\/\/blogdoedvaldomagalhaes.com.br\/index.php\/wp-json\/wp\/v2\/posts\/60265","targetHints":{"allow":["GET"]}}],"collection":[{"href":"https:\/\/blogdoedvaldomagalhaes.com.br\/index.php\/wp-json\/wp\/v2\/posts"}],"about":[{"href":"https:\/\/blogdoedvaldomagalhaes.com.br\/index.php\/wp-json\/wp\/v2\/types\/post"}],"author":[{"embeddable":true,"href":"https:\/\/blogdoedvaldomagalhaes.com.br\/index.php\/wp-json\/wp\/v2\/users\/1"}],"replies":[{"embeddable":true,"href":"https:\/\/blogdoedvaldomagalhaes.com.br\/index.php\/wp-json\/wp\/v2\/comments?post=60265"}],"version-history":[{"count":1,"href":"https:\/\/blogdoedvaldomagalhaes.com.br\/index.php\/wp-json\/wp\/v2\/posts\/60265\/revisions"}],"predecessor-version":[{"id":60271,"href":"https:\/\/blogdoedvaldomagalhaes.com.br\/index.php\/wp-json\/wp\/v2\/posts\/60265\/revisions\/60271"}],"wp:featuredmedia":[{"embeddable":true,"href":"https:\/\/blogdoedvaldomagalhaes.com.br\/index.php\/wp-json\/wp\/v2\/media\/60266"}],"wp:attachment":[{"href":"https:\/\/blogdoedvaldomagalhaes.com.br\/index.php\/wp-json\/wp\/v2\/media?parent=60265"}],"wp:term":[{"taxonomy":"category","embeddable":true,"href":"https:\/\/blogdoedvaldomagalhaes.com.br\/index.php\/wp-json\/wp\/v2\/categories?post=60265"},{"taxonomy":"post_tag","embeddable":true,"href":"https:\/\/blogdoedvaldomagalhaes.com.br\/index.php\/wp-json\/wp\/v2\/tags?post=60265"}],"curies":[{"name":"wp","href":"https:\/\/api.w.org\/{rel}","templated":true}]}}