{"id":60258,"date":"2020-08-17T13:08:07","date_gmt":"2020-08-17T16:08:07","guid":{"rendered":"https:\/\/blogdoedvaldomagalhaes.com.br\/?p=60258"},"modified":"2020-08-17T13:41:24","modified_gmt":"2020-08-17T16:41:24","slug":"suspeitos-de-homicidio-sao-apreendidos-com-arma-e-carro-roubado-em-toritama","status":"publish","type":"post","link":"https:\/\/blogdoedvaldomagalhaes.com.br\/index.php\/2020\/08\/17\/suspeitos-de-homicidio-sao-apreendidos-com-arma-e-carro-roubado-em-toritama\/","title":{"rendered":"Suspeitos de homic\u00eddio s\u00e3o apreendidos com arma e carro roubado em Toritama"},"content":{"rendered":"<p style=\"text-align: justify;\"><span style=\"font-size: inherit;\">Um jovem, de 22 anos, foi detido e um adolescente, de 15 anos, foi apreendido com um rev\u00f3lver e um carro roubado, nesta segunda-feira (17), pela Pol\u00edcia Rodovi\u00e1ria Federal (PRF), na BR 104, em Toritama, no Agreste de Pernambuco. O mais velho \u00e9 suspeito de participar de um homic\u00eddio na semana passada, pr\u00f3ximo de um centro comercial de Caruaru, tamb\u00e9m no Agreste.<\/span><\/p>\n<p style=\"text-align: justify;\">Policiais realizavam uma fiscaliza\u00e7\u00e3o de seguran\u00e7a vi\u00e1ria no Km 28 da rodovia, quando deram ordem de parada ao motorista de um carro ocupado por duas pessoas. O condutor desobedeceu e fugiu em alta velocidade, at\u00e9 abandonar o ve\u00edculo em um matagal e correr para uma oficina.<\/p>\n<p style=\"text-align: justify;\">A equipe realizou um cerco no local e conseguiu apreender a dupla, ap\u00f3s uma longa negocia\u00e7\u00e3o com a presen\u00e7a do Promotor de Justi\u00e7a da Comarca de Toritama, que seguiu os policiais e acompanhou toda a a\u00e7\u00e3o at\u00e9 o desfecho do caso. Ao voltarem na oficina, os policiais encontraram um rev\u00f3lver calibre 38 com seis muni\u00e7\u00f5es, que havia sido escondido em meio a pe\u00e7as de ve\u00edculos.<\/p>\n<p style=\"text-align: justify;\">Em uma verifica\u00e7\u00e3o detalhada, foi descoberto que o carro havia sido roubado no dia 31 de julho deste ano em Olinda, no Grande Recife. Dentro do ve\u00edculo tamb\u00e9m foram apreendidas por\u00e7\u00f5es de coca\u00edna e maconha, al\u00e9m de uma faca do tipo peixeira.<\/p>\n<p style=\"text-align: justify;\">O jovem, o adolescente e o material apreendido foram encaminhados \u00e0 Delegacia de Pol\u00edcia Civil de Toritama, com acionamento do Conselho Tutelar. No local, foi descoberto que havia um mandado em pris\u00e3o em aberto por homic\u00eddio para o jovem.<\/p>\n\n\n<figure class=\"wp-block-image size-large\"><img loading=\"lazy\" decoding=\"async\" width=\"1024\" height=\"576\" src=\"https:\/\/blogdoedvaldomagalhaes.com.br\/wp-content\/uploads\/2020\/08\/IMG-20200817-WA0096-1024x576.jpg\" alt=\"\" class=\"wp-image-60260\" srcset=\"https:\/\/blogdoedvaldomagalhaes.com.br\/wp-content\/uploads\/2020\/08\/IMG-20200817-WA0096-1024x576.jpg 1024w, https:\/\/blogdoedvaldomagalhaes.com.br\/wp-content\/uploads\/2020\/08\/IMG-20200817-WA0096-300x169.jpg 300w, https:\/\/blogdoedvaldomagalhaes.com.br\/wp-content\/uploads\/2020\/08\/IMG-20200817-WA0096-768x432.jpg 768w, https:\/\/blogdoedvaldomagalhaes.com.br\/wp-content\/uploads\/2020\/08\/IMG-20200817-WA0096-1140x641.jpg 1140w, https:\/\/blogdoedvaldomagalhaes.com.br\/wp-content\/uploads\/2020\/08\/IMG-20200817-WA0096-720x405.jpg 720w, https:\/\/blogdoedvaldomagalhaes.com.br\/wp-content\/uploads\/2020\/08\/IMG-20200817-WA0096.jpg 1280w\" sizes=\"auto, (max-width: 1024px) 100vw, 1024px\" \/><\/figure>\n\n\n\n<figure class=\"wp-block-image size-large\"><img loading=\"lazy\" decoding=\"async\" width=\"1024\" height=\"576\" src=\"https:\/\/blogdoedvaldomagalhaes.com.br\/wp-content\/uploads\/2020\/08\/IMG-20200817-WA0098-1024x576.jpg\" alt=\"\" class=\"wp-image-60261\" srcset=\"https:\/\/blogdoedvaldomagalhaes.com.br\/wp-content\/uploads\/2020\/08\/IMG-20200817-WA0098-1024x576.jpg 1024w, https:\/\/blogdoedvaldomagalhaes.com.br\/wp-content\/uploads\/2020\/08\/IMG-20200817-WA0098-300x169.jpg 300w, https:\/\/blogdoedvaldomagalhaes.com.br\/wp-content\/uploads\/2020\/08\/IMG-20200817-WA0098-768x432.jpg 768w, https:\/\/blogdoedvaldomagalhaes.com.br\/wp-content\/uploads\/2020\/08\/IMG-20200817-WA0098-1140x641.jpg 1140w, https:\/\/blogdoedvaldomagalhaes.com.br\/wp-content\/uploads\/2020\/08\/IMG-20200817-WA0098-720x405.jpg 720w, https:\/\/blogdoedvaldomagalhaes.com.br\/wp-content\/uploads\/2020\/08\/IMG-20200817-WA0098.jpg 1280w\" sizes=\"auto, (max-width: 1024px) 100vw, 1024px\" \/><\/figure>\n\n\n\n<figure class=\"wp-block-image size-large\"><img loading=\"lazy\" decoding=\"async\" width=\"1024\" height=\"498\" src=\"https:\/\/blogdoedvaldomagalhaes.com.br\/wp-content\/uploads\/2020\/08\/IMG-20200817-WA0099-1024x498.jpg\" alt=\"\" class=\"wp-image-60262\" srcset=\"https:\/\/blogdoedvaldomagalhaes.com.br\/wp-content\/uploads\/2020\/08\/IMG-20200817-WA0099-1024x498.jpg 1024w, https:\/\/blogdoedvaldomagalhaes.com.br\/wp-content\/uploads\/2020\/08\/IMG-20200817-WA0099-300x146.jpg 300w, https:\/\/blogdoedvaldomagalhaes.com.br\/wp-content\/uploads\/2020\/08\/IMG-20200817-WA0099-768x373.jpg 768w, https:\/\/blogdoedvaldomagalhaes.com.br\/wp-content\/uploads\/2020\/08\/IMG-20200817-WA0099.jpg 1152w\" sizes=\"auto, (max-width: 1024px) 100vw, 1024px\" \/><figcaption>Fotos: PRF\/Divulga\u00e7\u00e3o<\/figcaption><\/figure>\n","protected":false},"excerpt":{"rendered":"<p>Um jovem, de 22 anos, foi detido e um adolescente, de 15 anos, foi apreendido com um rev\u00f3lver e um&hellip;<\/p>\n","protected":false},"author":1,"featured_media":60259,"comment_status":"open","ping_status":"open","sticky":false,"template":"","format":"standard","meta":{"footnotes":""},"categories":[14121],"tags":[2,19254],"class_list":["post-60258","post","type-post","status-publish","format-standard","has-post-thumbnail","hentry","category-policial","tag-blog-do-edvaldo-magalhaes","tag-suspeitos-de-homicidio-sao-apreendidos-com-arma-e-carro-roubado-em-toritama"],"_links":{"self":[{"href":"https:\/\/blogdoedvaldomagalhaes.com.br\/index.php\/wp-json\/wp\/v2\/posts\/60258","targetHints":{"allow":["GET"]}}],"collection":[{"href":"https:\/\/blogdoedvaldomagalhaes.com.br\/index.php\/wp-json\/wp\/v2\/posts"}],"about":[{"href":"https:\/\/blogdoedvaldomagalhaes.com.br\/index.php\/wp-json\/wp\/v2\/types\/post"}],"author":[{"embeddable":true,"href":"https:\/\/blogdoedvaldomagalhaes.com.br\/index.php\/wp-json\/wp\/v2\/users\/1"}],"replies":[{"embeddable":true,"href":"https:\/\/blogdoedvaldomagalhaes.com.br\/index.php\/wp-json\/wp\/v2\/comments?post=60258"}],"version-history":[{"count":2,"href":"https:\/\/blogdoedvaldomagalhaes.com.br\/index.php\/wp-json\/wp\/v2\/posts\/60258\/revisions"}],"predecessor-version":[{"id":60264,"href":"https:\/\/blogdoedvaldomagalhaes.com.br\/index.php\/wp-json\/wp\/v2\/posts\/60258\/revisions\/60264"}],"wp:featuredmedia":[{"embeddable":true,"href":"https:\/\/blogdoedvaldomagalhaes.com.br\/index.php\/wp-json\/wp\/v2\/media\/60259"}],"wp:attachment":[{"href":"https:\/\/blogdoedvaldomagalhaes.com.br\/index.php\/wp-json\/wp\/v2\/media?parent=60258"}],"wp:term":[{"taxonomy":"category","embeddable":true,"href":"https:\/\/blogdoedvaldomagalhaes.com.br\/index.php\/wp-json\/wp\/v2\/categories?post=60258"},{"taxonomy":"post_tag","embeddable":true,"href":"https:\/\/blogdoedvaldomagalhaes.com.br\/index.php\/wp-json\/wp\/v2\/tags?post=60258"}],"curies":[{"name":"wp","href":"https:\/\/api.w.org\/{rel}","templated":true}]}}