{"id":60254,"date":"2020-08-17T12:49:28","date_gmt":"2020-08-17T15:49:28","guid":{"rendered":"https:\/\/blogdoedvaldomagalhaes.com.br\/?p=60254"},"modified":"2020-08-17T12:49:31","modified_gmt":"2020-08-17T15:49:31","slug":"transforma-caruaru-realiza-nova-acao-na-feira-da-sulanca","status":"publish","type":"post","link":"https:\/\/blogdoedvaldomagalhaes.com.br\/index.php\/2020\/08\/17\/transforma-caruaru-realiza-nova-acao-na-feira-da-sulanca\/","title":{"rendered":"Transforma Caruaru realiza nova a\u00e7\u00e3o na Feira da Sulanca"},"content":{"rendered":"<p style=\"text-align: justify;\"><span style=\"font-size: inherit;\">Com o objetivo de contribuir para conter a dissemina\u00e7\u00e3o do novo coronav\u00edrus, o Transforma Caruaru esteve mais uma vez na Feira da Sulanca, nesta segunda (17), para distribuir m\u00e1scaras de prote\u00e7\u00e3o. Cerca de duas mil m\u00e1scaras foram entregues.<\/span><\/p>\n<p style=\"text-align: justify;\">Uma equipe de 30 volunt\u00e1rios participaram da a\u00e7\u00e3o, que ocorreu das 6h \u00e0s 10h. Al\u00e9m das m\u00e1scaras, tamb\u00e9m foi oferecido \u00e1lcool em gel ao p\u00fablico. &#8220;Realizamos ainda um trabalho de conscientiza\u00e7\u00e3o, refor\u00e7ando a necessidade das medidas de seguran\u00e7a, a exemplo do uso correto da m\u00e1scara, da utiliza\u00e7\u00e3o do \u00e1lcool em gel, bem como do distanciamento social&#8221;, afirmou a coordenadora do Transforma Caruaru, Christianny Magalh\u00e3es.<\/p>\n\n\n<figure class=\"wp-block-image size-large\"><img loading=\"lazy\" decoding=\"async\" width=\"1024\" height=\"576\" src=\"https:\/\/blogdoedvaldomagalhaes.com.br\/wp-content\/uploads\/2020\/08\/IMG-20200817-WA0089-1024x576.jpg\" alt=\"\" class=\"wp-image-60256\" srcset=\"https:\/\/blogdoedvaldomagalhaes.com.br\/wp-content\/uploads\/2020\/08\/IMG-20200817-WA0089-1024x576.jpg 1024w, https:\/\/blogdoedvaldomagalhaes.com.br\/wp-content\/uploads\/2020\/08\/IMG-20200817-WA0089-300x169.jpg 300w, https:\/\/blogdoedvaldomagalhaes.com.br\/wp-content\/uploads\/2020\/08\/IMG-20200817-WA0089-768x432.jpg 768w, https:\/\/blogdoedvaldomagalhaes.com.br\/wp-content\/uploads\/2020\/08\/IMG-20200817-WA0089-720x405.jpg 720w, https:\/\/blogdoedvaldomagalhaes.com.br\/wp-content\/uploads\/2020\/08\/IMG-20200817-WA0089.jpg 1032w\" sizes=\"auto, (max-width: 1024px) 100vw, 1024px\" \/><figcaption>Fotos: Divulga\u00e7\u00e3o<\/figcaption><\/figure>\n","protected":false},"excerpt":{"rendered":"<p>Com o objetivo de contribuir para conter a dissemina\u00e7\u00e3o do novo coronav\u00edrus, o Transforma Caruaru esteve mais uma vez na&hellip;<\/p>\n","protected":false},"author":1,"featured_media":60255,"comment_status":"open","ping_status":"open","sticky":false,"template":"","format":"standard","meta":{"footnotes":""},"categories":[14120],"tags":[17948,19253],"class_list":["post-60254","post","type-post","status-publish","format-standard","has-post-thumbnail","hentry","category-noticias","tag-coronavirus-2","tag-transforma-caruaru-realiza-nova-acao-na-feira-da-sulanca"],"_links":{"self":[{"href":"https:\/\/blogdoedvaldomagalhaes.com.br\/index.php\/wp-json\/wp\/v2\/posts\/60254","targetHints":{"allow":["GET"]}}],"collection":[{"href":"https:\/\/blogdoedvaldomagalhaes.com.br\/index.php\/wp-json\/wp\/v2\/posts"}],"about":[{"href":"https:\/\/blogdoedvaldomagalhaes.com.br\/index.php\/wp-json\/wp\/v2\/types\/post"}],"author":[{"embeddable":true,"href":"https:\/\/blogdoedvaldomagalhaes.com.br\/index.php\/wp-json\/wp\/v2\/users\/1"}],"replies":[{"embeddable":true,"href":"https:\/\/blogdoedvaldomagalhaes.com.br\/index.php\/wp-json\/wp\/v2\/comments?post=60254"}],"version-history":[{"count":1,"href":"https:\/\/blogdoedvaldomagalhaes.com.br\/index.php\/wp-json\/wp\/v2\/posts\/60254\/revisions"}],"predecessor-version":[{"id":60257,"href":"https:\/\/blogdoedvaldomagalhaes.com.br\/index.php\/wp-json\/wp\/v2\/posts\/60254\/revisions\/60257"}],"wp:featuredmedia":[{"embeddable":true,"href":"https:\/\/blogdoedvaldomagalhaes.com.br\/index.php\/wp-json\/wp\/v2\/media\/60255"}],"wp:attachment":[{"href":"https:\/\/blogdoedvaldomagalhaes.com.br\/index.php\/wp-json\/wp\/v2\/media?parent=60254"}],"wp:term":[{"taxonomy":"category","embeddable":true,"href":"https:\/\/blogdoedvaldomagalhaes.com.br\/index.php\/wp-json\/wp\/v2\/categories?post=60254"},{"taxonomy":"post_tag","embeddable":true,"href":"https:\/\/blogdoedvaldomagalhaes.com.br\/index.php\/wp-json\/wp\/v2\/tags?post=60254"}],"curies":[{"name":"wp","href":"https:\/\/api.w.org\/{rel}","templated":true}]}}